{"id":222606,"date":"2025-09-08T20:00:23","date_gmt":"2025-09-09T00:00:23","guid":{"rendered":"https:\/\/bejsment.com\/?p=222606"},"modified":"2025-09-08T13:18:37","modified_gmt":"2025-09-08T17:18:37","slug":"mniej-chetnych-na-auta-elektryczne-kierowcy-elektrykow-krytykuja-stan-ladowarek","status":"publish","type":"post","link":"https:\/\/bejsment.com\/index.php\/2025\/09\/08\/mniej-chetnych-na-auta-elektryczne-kierowcy-elektrykow-krytykuja-stan-ladowarek\/","title":{"rendered":"Mniej ch\u0119tnych na auta elektryczne. Kierowcy elektryk\u00f3w krytykuj\u0105 stan \u0142adowarek"},"content":{"rendered":"<p><img loading=\"lazy\" decoding=\"async\" class=\"aligncenter size-custom-full-size wp-image-222609\" src=\"https:\/\/bejsment.com\/wp-content\/uploads\/2025\/09\/aaladowarki-636x444.jpg\" alt=\"\" width=\"636\" height=\"444\" srcset=\"https:\/\/bejsment.com\/wp-content\/uploads\/2025\/09\/aaladowarki-636x444.jpg 636w, https:\/\/bejsment.com\/wp-content\/uploads\/2025\/09\/aaladowarki-300x210.jpg 300w, https:\/\/bejsment.com\/wp-content\/uploads\/2025\/09\/aaladowarki-768x537.jpg 768w, https:\/\/bejsment.com\/wp-content\/uploads\/2025\/09\/aaladowarki-1200x838.jpg 1200w, https:\/\/bejsment.com\/wp-content\/uploads\/2025\/09\/aaladowarki-80x55.jpg 80w, https:\/\/bejsment.com\/wp-content\/uploads\/2025\/09\/aaladowarki-104x73.jpg 104w, https:\/\/bejsment.com\/wp-content\/uploads\/2025\/09\/aaladowarki-250x175.jpg 250w, https:\/\/bejsment.com\/wp-content\/uploads\/2025\/09\/aaladowarki.jpg 1400w\" sizes=\"auto, (max-width: 636px) 100vw, 636px\" \/><\/p>\n<p><strong>Decyzja rz\u0105du federalnego o wstrzymaniu obowi\u0105zku sprzeda\u017cy pojazd\u00f3w elektrycznych nie zmienia na razie wiele dla kierowc\u00f3w, ale budzi obawy o przysz\u0142o\u015b\u0107 infrastruktury \u0142adowania w Kanadzie.<\/strong><\/p>\n<p>Premier Mark Carney og\u0142osi\u0142, \u017ce nakaz, zgodnie z kt\u00f3rym od przysz\u0142ego roku 20 proc. nowych aut mia\u0142o by\u0107 elektrycznych, nie wejdzie w \u017cycie. Ca\u0142y program zostanie poddany 60-dniowemu przegl\u0105dowi. Celem ma by\u0107 \u2013 jak m\u00f3wi Carney \u2013 \u201eznalezienie elastyczno\u015bci i sposob\u00f3w na obni\u017cenie koszt\u00f3w\u201d. Pojawi\u0107 si\u0119 mog\u0105 tak\u017ce zmiany w rocznych celach sprzeda\u017cowych a\u017c do roku 2035, kiedy wszystkie nowe auta mia\u0142y by\u0107 zeroemisyjne.<\/p>\n<p>Wielu kierowc\u00f3w, kt\u00f3rzy maj\u0105 ju\u017c elektryki nie kryje rozczarowania. Julien Kos z Nowego Brunszwiku, kt\u00f3ry kupi\u0142 Tesl\u0119 na pocz\u0105tku roku, wskazuje, \u017ce publiczne stacje \u0142adowania w prowincji cz\u0119sto s\u0105 zepsute lub przestarza\u0142e.<\/p>\n<p>\u2013 To rozczarowuj\u0105ce, \u017ce wci\u0105\u017c brakuje infrastruktury \u2013 m\u00f3wi.<\/p>\n<p>Eksperci podkre\u015blaj\u0105, \u017ce wstrzymanie obowi\u0105zku mo\u017ce zniech\u0119ci\u0107 cz\u0119\u015b\u0107 producent\u00f3w do inwestowania w pojazdy elektryczne.<\/p>\n<p>\u2013 Mo\u017ce to spowolni\u0107 rozw\u00f3j \u2013 ocenia Tracy Miersch z programu MEET Moncton. Jednocze\u015bnie zauwa\u017ca, \u017ce prywatne firmy coraz ch\u0119tniej instaluj\u0105 \u0142adowarki. Przyk\u0142adem jest sie\u0107 Tim Hortons, kt\u00f3ra planuje uruchomi\u0107 100 szybkich \u0142adowarek do 2028 roku.<\/p>\n<p>Obawy ma te\u017c Angie Thomas ze Stowarzyszenia Pojazd\u00f3w Elektrycznych Alberty.<\/p>\n<p>\u2013 Technologia rozwija si\u0119 szybko, a je\u015bli jej nie przyjmiemy, ryzykujemy, \u017ce zostaniemy w tyle \u2013 ostrzega.<\/p>\n<p>Niekt\u00f3rzy kierowcy pozostaj\u0105 jednak optymistami.<\/p>\n<p>\u2013 Gdy kto\u015b zacznie je\u017adzi\u0107 autem elektrycznym, nie wraca ju\u017c do benzyny \u2013 przekonuje Alroy Brouwer z Barrie, cho\u0107 przyznaje, \u017ce publiczne \u0142adowarki w Ontario bywaj\u0105 zawodne i drogie.<\/p>\n<p>Tymczasem zainteresowanie autami elektrycznymi spada. Wed\u0142ug kwietniowej ankiety AutoTrader 42 proc. Kanadyjczyk\u00f3w rozwa\u017ca zakup takiego pojazdu \u2013 w por\u00f3wnaniu z 68 proc. w 2022 roku.<\/p>\n<p>\u2013 Polityka musi bardziej odzwierciedla\u0107 realny popyt konsument\u00f3w, a nie by\u0107 narzucona \u2013 uwa\u017ca Kristian Aquilina, prezes GM Canada.<\/p>\n<p style=\"text-align: right;\"><em>Na podst. Canadian Press<\/em><\/p>\n","protected":false},"excerpt":{"rendered":"<p>Decyzja rz\u0105du federalnego o wstrzymaniu obowi\u0105zku sprzeda\u017cy pojazd\u00f3w elektrycznych nie zmienia na razie wiele dla kierowc\u00f3w, ale budzi obawy o przysz\u0142o\u015b\u0107 infrastruktury \u0142adowania w Kanadzie.&hellip;<\/p>\n","protected":false},"author":57,"featured_media":222610,"comment_status":"open","ping_status":"open","sticky":false,"template":"","format":"standard","meta":{"footnotes":""},"categories":[146,3],"tags":[],"class_list":["post-222606","post","type-post","status-publish","format-standard","has-post-thumbnail","hentry","category-nowosci-rynkowe","category-top-news"],"_links":{"self":[{"href":"https:\/\/bejsment.com\/index.php\/wp-json\/wp\/v2\/posts\/222606","targetHints":{"allow":["GET"]}}],"collection":[{"href":"https:\/\/bejsment.com\/index.php\/wp-json\/wp\/v2\/posts"}],"about":[{"href":"https:\/\/bejsment.com\/index.php\/wp-json\/wp\/v2\/types\/post"}],"author":[{"embeddable":true,"href":"https:\/\/bejsment.com\/index.php\/wp-json\/wp\/v2\/users\/57"}],"replies":[{"embeddable":true,"href":"https:\/\/bejsment.com\/index.php\/wp-json\/wp\/v2\/comments?post=222606"}],"version-history":[{"count":1,"href":"https:\/\/bejsment.com\/index.php\/wp-json\/wp\/v2\/posts\/222606\/revisions"}],"predecessor-version":[{"id":222611,"href":"https:\/\/bejsment.com\/index.php\/wp-json\/wp\/v2\/posts\/222606\/revisions\/222611"}],"wp:featuredmedia":[{"embeddable":true,"href":"https:\/\/bejsment.com\/index.php\/wp-json\/wp\/v2\/media\/222610"}],"wp:attachment":[{"href":"https:\/\/bejsment.com\/index.php\/wp-json\/wp\/v2\/media?parent=222606"}],"wp:term":[{"taxonomy":"category","embeddable":true,"href":"https:\/\/bejsment.com\/index.php\/wp-json\/wp\/v2\/categories?post=222606"},{"taxonomy":"post_tag","embeddable":true,"href":"https:\/\/bejsment.com\/index.php\/wp-json\/wp\/v2\/tags?post=222606"}],"curies":[{"name":"wp","href":"https:\/\/api.w.org\/{rel}","templated":true}]}}