{"id":238777,"date":"2026-03-12T17:00:05","date_gmt":"2026-03-12T21:00:05","guid":{"rendered":"https:\/\/bejsment.com\/?p=238777"},"modified":"2026-03-12T08:27:56","modified_gmt":"2026-03-12T12:27:56","slug":"carney-jedzie-do-norwegii-na-cwiczenia-nato","status":"publish","type":"post","link":"https:\/\/bejsment.com\/index.php\/2026\/03\/12\/carney-jedzie-do-norwegii-na-cwiczenia-nato\/","title":{"rendered":"Carney jedzie do Norwegii na \u0107wiczenia NATO"},"content":{"rendered":"<p><img loading=\"lazy\" decoding=\"async\" class=\"aligncenter size-custom-full-size wp-image-238778\" src=\"https:\/\/bejsment.com\/wp-content\/uploads\/2026\/03\/aacarney3-636x424.jpg\" alt=\"\" width=\"636\" height=\"424\" srcset=\"https:\/\/bejsment.com\/wp-content\/uploads\/2026\/03\/aacarney3-636x424.jpg 636w, https:\/\/bejsment.com\/wp-content\/uploads\/2026\/03\/aacarney3-300x200.jpg 300w, https:\/\/bejsment.com\/wp-content\/uploads\/2026\/03\/aacarney3-768x512.jpg 768w, https:\/\/bejsment.com\/wp-content\/uploads\/2026\/03\/aacarney3-1200x800.jpg 1200w, https:\/\/bejsment.com\/wp-content\/uploads\/2026\/03\/aacarney3-110x73.jpg 110w, https:\/\/bejsment.com\/wp-content\/uploads\/2026\/03\/aacarney3-250x167.jpg 250w, https:\/\/bejsment.com\/wp-content\/uploads\/2026\/03\/aacarney3.jpg 1400w\" sizes=\"auto, (max-width: 636px) 100vw, 636px\" \/><\/p>\n<p><strong>Premier Kanady Mark Carney rozpoczyna kolejn\u0105 zagraniczn\u0105 podr\u00f3\u017c, tym razem do Norwegii, gdzie b\u0119dzie obserwowa\u0142 \u0107wiczenia NATO w warunkach zimowych oraz spotka si\u0119 z przyw\u00f3dcami kraj\u00f3w nordyckich.<\/strong><\/p>\n<p>W czwartek Carney zatrzyma si\u0119 najpierw w Yellowknife, a nast\u0119pnie uda si\u0119 do norweskiego Bardufoss, gdzie odb\u0119d\u0105 si\u0119 \u0107wiczenia wojskowe NATO. W wydarzeniu maj\u0105 uczestniczy\u0107 r\u00f3wnie\u017c premier Norwegii Jonas Gahr St\u00f8re oraz kanclerz Niemiec Friedrich Merz.<\/p>\n<p>Manewry, organizowane pod dow\u00f3dztwem Norwegii co dwa lata, gromadz\u0105 oko\u0142o 25 tysi\u0119cy \u017co\u0142nierzy z 14 pa\u0144stw cz\u0142onkowskich sojuszu. Ich celem jest zwi\u0119kszenie gotowo\u015bci operacyjnej oraz zdolno\u015bci NATO do wsp\u00f3lnej obrony w regionach o surowym, arktycznym klimacie.<\/p>\n<p>Po zako\u0144czeniu \u0107wicze\u0144 Carney spotka si\u0119 w Oslo z premierem Norwegii. Rozmowy maj\u0105 dotyczy\u0107 m.in. inwestycji zagranicznych, czystej energii, kluczowych minera\u0142\u00f3w, przemys\u0142u lotniczego i kosmicznego oraz sztucznej inteligencji. Przyw\u00f3dcy maj\u0105 r\u00f3wnie\u017c om\u00f3wi\u0107 kwestie bezpiecze\u0144stwa energetycznego w zwi\u0105zku z napi\u0119ciami na Bliskim Wschodzie.<\/p>\n<p>W niedziel\u0119 kanadyjski premier spotka si\u0119 tak\u017ce z przyw\u00f3dcami tzw. nordyckiej pi\u0105tki \u2013 Norwegii, Szwecji, Danii, Finlandii i Islandii. Rozmowy maj\u0105 koncentrowa\u0107 si\u0119 na wsp\u00f3\u0142pracy gospodarczej, innowacjach oraz bezpiecze\u0144stwie w regionie Arktyki.<\/p>\n<p>Kanada od lat apeluje o wi\u0119ksze zaanga\u017cowanie NATO w kwestie bezpiecze\u0144stwa Arktyki, gdzie zmiany klimatyczne mog\u0105 doprowadzi\u0107 do wzrostu ruchu morskiego i rywalizacji o zasoby naturalne.<\/p>\n<p>Wizyta ma tak\u017ce znaczenie symboliczne \u2013 Carney b\u0119dzie pierwszym premierem Kanady od 1980 roku, kt\u00f3ry z\u0142o\u017cy oficjaln\u0105 wizyt\u0119 w Norwegii.<\/p>\n<p>Po zako\u0144czeniu wizyty w Oslo premier uda si\u0119 do Londynu. W poniedzia\u0142ek planowane jest jego spotkanie z premierem Wielkiej Brytanii Keirem Starmerem. Rozmowy maj\u0105 dotyczy\u0107 m.in. sytuacji na Bliskim Wschodzie oraz wojny na Ukrainie.<\/p>\n","protected":false},"excerpt":{"rendered":"<p>Premier Kanady Mark Carney rozpoczyna kolejn\u0105 zagraniczn\u0105 podr\u00f3\u017c, tym razem do Norwegii, gdzie b\u0119dzie obserwowa\u0142 \u0107wiczenia NATO w warunkach zimowych oraz spotka si\u0119 z przyw\u00f3dcami&hellip;<\/p>\n","protected":false},"author":57,"featured_media":238780,"comment_status":"open","ping_status":"open","sticky":false,"template":"","format":"standard","meta":{"footnotes":""},"categories":[19,3],"tags":[],"class_list":["post-238777","post","type-post","status-publish","format-standard","has-post-thumbnail","hentry","category-kanada-2","category-top-news"],"_links":{"self":[{"href":"https:\/\/bejsment.com\/index.php\/wp-json\/wp\/v2\/posts\/238777","targetHints":{"allow":["GET"]}}],"collection":[{"href":"https:\/\/bejsment.com\/index.php\/wp-json\/wp\/v2\/posts"}],"about":[{"href":"https:\/\/bejsment.com\/index.php\/wp-json\/wp\/v2\/types\/post"}],"author":[{"embeddable":true,"href":"https:\/\/bejsment.com\/index.php\/wp-json\/wp\/v2\/users\/57"}],"replies":[{"embeddable":true,"href":"https:\/\/bejsment.com\/index.php\/wp-json\/wp\/v2\/comments?post=238777"}],"version-history":[{"count":1,"href":"https:\/\/bejsment.com\/index.php\/wp-json\/wp\/v2\/posts\/238777\/revisions"}],"predecessor-version":[{"id":238781,"href":"https:\/\/bejsment.com\/index.php\/wp-json\/wp\/v2\/posts\/238777\/revisions\/238781"}],"wp:featuredmedia":[{"embeddable":true,"href":"https:\/\/bejsment.com\/index.php\/wp-json\/wp\/v2\/media\/238780"}],"wp:attachment":[{"href":"https:\/\/bejsment.com\/index.php\/wp-json\/wp\/v2\/media?parent=238777"}],"wp:term":[{"taxonomy":"category","embeddable":true,"href":"https:\/\/bejsment.com\/index.php\/wp-json\/wp\/v2\/categories?post=238777"},{"taxonomy":"post_tag","embeddable":true,"href":"https:\/\/bejsment.com\/index.php\/wp-json\/wp\/v2\/tags?post=238777"}],"curies":[{"name":"wp","href":"https:\/\/api.w.org\/{rel}","templated":true}]}}