{"id":242266,"date":"2026-04-25T17:00:57","date_gmt":"2026-04-25T21:00:57","guid":{"rendered":"https:\/\/bejsment.com\/?p=242266"},"modified":"2026-04-25T07:46:07","modified_gmt":"2026-04-25T11:46:07","slug":"apel-o-wieksze-wsparcie-dla-lgbtq-kanada-pod-presja","status":"publish","type":"post","link":"https:\/\/bejsment.com\/index.php\/2026\/04\/25\/apel-o-wieksze-wsparcie-dla-lgbtq-kanada-pod-presja\/","title":{"rendered":"Apel o wi\u0119ksze wsparcie dla LGBTQ+. Kanada pod presj\u0105"},"content":{"rendered":"<p><img loading=\"lazy\" decoding=\"async\" class=\"aligncenter size-custom-full-size wp-image-242267\" src=\"https:\/\/bejsment.com\/wp-content\/uploads\/2026\/04\/aalgbt-636x398.jpg\" alt=\"\" width=\"636\" height=\"398\" srcset=\"https:\/\/bejsment.com\/wp-content\/uploads\/2026\/04\/aalgbt-636x398.jpg 636w, https:\/\/bejsment.com\/wp-content\/uploads\/2026\/04\/aalgbt-300x188.jpg 300w, https:\/\/bejsment.com\/wp-content\/uploads\/2026\/04\/aalgbt-768x480.jpg 768w, https:\/\/bejsment.com\/wp-content\/uploads\/2026\/04\/aalgbt-1200x750.jpg 1200w, https:\/\/bejsment.com\/wp-content\/uploads\/2026\/04\/aalgbt-117x73.jpg 117w, https:\/\/bejsment.com\/wp-content\/uploads\/2026\/04\/aalgbt-250x156.jpg 250w, https:\/\/bejsment.com\/wp-content\/uploads\/2026\/04\/aalgbt.jpg 1400w\" sizes=\"auto, (max-width: 636px) 100vw, 636px\" \/><\/p>\n<p><strong>By\u0142a ameryka\u0144ska dyplomatka Jessica Stern zaapelowa\u0142a do Kanady o zwi\u0119kszenie wsparcia dla os\u00f3b LGBTQ+ na \u015bwiecie. Wyst\u0105pienie pad\u0142o podczas konferencji po\u015bwi\u0119conej rozwojowi i prawom cz\u0142owieka, kt\u00f3ra odby\u0142a si\u0119 w Ottawie .<\/strong><\/p>\n<p>Stern, pe\u0142ni\u0105ca wcze\u015bniej funkcj\u0119 specjalnej wys\u0142anniczki USA ds. praw os\u00f3b LGBTQ+, oceni\u0142a, \u017ce zmiany w ameryka\u0144skiej polityce zagranicznej doprowadzi\u0142y do powstania luki w finansowaniu inicjatyw wspieraj\u0105cych mniejszo\u015bci seksualne i p\u0142ciowe.<\/p>\n<p>\u2013 Kanada mo\u017ce wiele zyska\u0107, wype\u0142niaj\u0105c t\u0119 pr\u00f3\u017cni\u0119 i pokazuj\u0105c, jakie warto\u015bci reprezentuje \u2013 podkre\u015bli\u0142a. Jej zdaniem Ottawa ju\u017c dzi\u015b odgrywa \u201enieproporcjonalnie du\u017c\u0105 rol\u0119\u201d w globalnym wsparciu tych spo\u0142eczno\u015bci.<\/p>\n<p>Podobny apel wystosowa\u0142a Steve Letsike, wiceminister ds. kobiet, m\u0142odzie\u017cy i os\u00f3b z niepe\u0142nosprawno\u015bciami w Republice Po\u0142udniowej Afryki. Ostrzeg\u0142a przed narastaj\u0105cym na \u015bwiecie ruchem ograniczaj\u0105cym prawa cz\u0142owieka.<\/p>\n<p>\u2013 Widzimy dobrze zorganizowane dzia\u0142ania antydemokratyczne i antygenderowe. Musimy dzia\u0142a\u0107 zdecydowanie, by nie zaprzepa\u015bci\u0107 zdobyczy demokracji \u2013 zaznaczy\u0142a.<\/p>\n<p>Stern zwr\u00f3ci\u0142a uwag\u0119, \u017ce po zmianie administracji w Waszyngtonie cz\u0119\u015b\u0107 program\u00f3w zosta\u0142a ograniczona lub zlikwidowana, a w raportach Departamentu Stanu USA zabrak\u0142o rozdzia\u0142\u00f3w dotycz\u0105cych praw os\u00f3b LGBTQ+. Wyrazi\u0142a te\u017c obawy o bezpiecze\u0144stwo aktywist\u00f3w na \u015bwiecie.<\/p>\n<p>Organizacje pozarz\u0105dowe, w tym kanadyjska koalicja Dignity Network, wezwa\u0142y rz\u0105d w Ottawie do podwojenia rocznej pomocy zagranicznej dla os\u00f3b LGBTQ+ do 20 mln dolar\u00f3w.<\/p>\n<p>Zdaniem Stern taki krok mia\u0142by niewielki wp\u0142yw na bud\u017cet pa\u0144stwa, a jednocze\u015bnie znacz\u0105co wzmocni\u0142by mi\u0119dzynarodow\u0105 pozycj\u0119 Kanady jako lidera w dziedzinie praw cz\u0142owieka.<\/p>\n<p>Rz\u0105d liberalny premiera Marka Carneya wskazuje, \u017ce ochrona praw cz\u0142owieka pozostaje jednym z filar\u00f3w polityki zagranicznej. Jednocze\u015bnie Ottawa stopniowo przesuwa ci\u0119\u017car pomocy rozwojowej w stron\u0119 wsp\u00f3\u0142pracy z sektorem prywatnym.<\/p>\n<p>Uczestnicy konferencji podkre\u015blali, \u017ce ochrona praw os\u00f3b LGBTQ+ ma tak\u017ce wymiar gospodarczy. \u2013 Walka z dyskryminacj\u0105 sprzyja rozwojowi i stabilno\u015bci \u2013 zaznaczy\u0142a Stern, wskazuj\u0105c na zwi\u0105zek mi\u0119dzy polityk\u0105 zagraniczn\u0105 a codziennym poziomem \u017cycia obywateli.<\/p>\n","protected":false},"excerpt":{"rendered":"<p>By\u0142a ameryka\u0144ska dyplomatka Jessica Stern zaapelowa\u0142a do Kanady o zwi\u0119kszenie wsparcia dla os\u00f3b LGBTQ+ na \u015bwiecie. Wyst\u0105pienie pad\u0142o podczas konferencji po\u015bwi\u0119conej rozwojowi i prawom cz\u0142owieka,&hellip;<\/p>\n","protected":false},"author":57,"featured_media":242267,"comment_status":"open","ping_status":"open","sticky":false,"template":"","format":"standard","meta":{"footnotes":""},"categories":[19,3],"tags":[],"class_list":["post-242266","post","type-post","status-publish","format-standard","has-post-thumbnail","hentry","category-kanada-2","category-top-news"],"_links":{"self":[{"href":"https:\/\/bejsment.com\/index.php\/wp-json\/wp\/v2\/posts\/242266","targetHints":{"allow":["GET"]}}],"collection":[{"href":"https:\/\/bejsment.com\/index.php\/wp-json\/wp\/v2\/posts"}],"about":[{"href":"https:\/\/bejsment.com\/index.php\/wp-json\/wp\/v2\/types\/post"}],"author":[{"embeddable":true,"href":"https:\/\/bejsment.com\/index.php\/wp-json\/wp\/v2\/users\/57"}],"replies":[{"embeddable":true,"href":"https:\/\/bejsment.com\/index.php\/wp-json\/wp\/v2\/comments?post=242266"}],"version-history":[{"count":1,"href":"https:\/\/bejsment.com\/index.php\/wp-json\/wp\/v2\/posts\/242266\/revisions"}],"predecessor-version":[{"id":242268,"href":"https:\/\/bejsment.com\/index.php\/wp-json\/wp\/v2\/posts\/242266\/revisions\/242268"}],"wp:featuredmedia":[{"embeddable":true,"href":"https:\/\/bejsment.com\/index.php\/wp-json\/wp\/v2\/media\/242267"}],"wp:attachment":[{"href":"https:\/\/bejsment.com\/index.php\/wp-json\/wp\/v2\/media?parent=242266"}],"wp:term":[{"taxonomy":"category","embeddable":true,"href":"https:\/\/bejsment.com\/index.php\/wp-json\/wp\/v2\/categories?post=242266"},{"taxonomy":"post_tag","embeddable":true,"href":"https:\/\/bejsment.com\/index.php\/wp-json\/wp\/v2\/tags?post=242266"}],"curies":[{"name":"wp","href":"https:\/\/api.w.org\/{rel}","templated":true}]}}