{"id":242298,"date":"2026-04-26T08:00:39","date_gmt":"2026-04-26T12:00:39","guid":{"rendered":"https:\/\/bejsment.com\/?p=242298"},"modified":"2026-04-26T05:49:26","modified_gmt":"2026-04-26T09:49:26","slug":"prywatny-akt-oskarzenia-przeciw-donaldowi-tuskowi","status":"publish","type":"post","link":"https:\/\/bejsment.com\/index.php\/2026\/04\/26\/prywatny-akt-oskarzenia-przeciw-donaldowi-tuskowi\/","title":{"rendered":"Prywatny akt oskar\u017cenia przeciw Donaldowi Tuskowi"},"content":{"rendered":"<div id=\"attachment_242301\" style=\"width: 646px\" class=\"wp-caption aligncenter\"><img loading=\"lazy\" decoding=\"async\" aria-describedby=\"caption-attachment-242301\" class=\"size-custom-full-size wp-image-242301\" src=\"https:\/\/bejsment.com\/wp-content\/uploads\/2026\/04\/aadonaldtusk-636x477.jpg\" alt=\"\" width=\"636\" height=\"477\" srcset=\"https:\/\/bejsment.com\/wp-content\/uploads\/2026\/04\/aadonaldtusk-636x477.jpg 636w, https:\/\/bejsment.com\/wp-content\/uploads\/2026\/04\/aadonaldtusk-300x225.jpg 300w, https:\/\/bejsment.com\/wp-content\/uploads\/2026\/04\/aadonaldtusk-768x576.jpg 768w, https:\/\/bejsment.com\/wp-content\/uploads\/2026\/04\/aadonaldtusk-97x73.jpg 97w, https:\/\/bejsment.com\/wp-content\/uploads\/2026\/04\/aadonaldtusk-250x188.jpg 250w, https:\/\/bejsment.com\/wp-content\/uploads\/2026\/04\/aadonaldtusk.jpg 960w\" sizes=\"auto, (max-width: 636px) 100vw, 636px\" \/><p id=\"caption-attachment-242301\" class=\"wp-caption-text\">Donald Tusk<\/p><\/div>\n<p><strong>Fundacja Instytut Polski Suwerennej skierowa\u0142a do s\u0105du prywatny akt oskar\u017cenia przeciwko premierowi Donaldowi Tuskowi. Przygotowano r\u00f3wnie\u017c wniosek o uchylenie immunitetu liderowi Koalicji Obywatelskiej.<\/strong><\/p>\n<p>Jak poinformowa\u0142 by\u0142y wiceminister sprawiedliwo\u015bci Piotr Cieplucha, sprawa dotyczy \u2013 jak to okre\u015bli\u0142 \u2013 \u201ek\u0142amliwego pom\u00f3wienia\u201d skierowanego wobec fundacji.<\/p>\n<p>Cieplucha odni\u00f3s\u0142 si\u0119 tak\u017ce do afery zwi\u0105zanej z funkcjonowaniem gie\u0142dy kryptowalut Zondacrypto. \u015aledztwo w tej sprawie prowadzi prokuratura w wojew\u00f3dztwie \u015bl\u0105skim. Wed\u0142ug podawanych danych liczba poszkodowanych mo\u017ce si\u0119ga\u0107 oko\u0142o 30 tysi\u0119cy os\u00f3b, a straty szacowane s\u0105 na co najmniej 350 mln z\u0142.<\/p>\n<div id=\"attachment_242300\" style=\"width: 646px\" class=\"wp-caption aligncenter\"><img loading=\"lazy\" decoding=\"async\" aria-describedby=\"caption-attachment-242300\" class=\"size-custom-full-size wp-image-242300\" src=\"https:\/\/bejsment.com\/wp-content\/uploads\/2026\/04\/aacieplucha-636x349.jpg\" alt=\"\" width=\"636\" height=\"349\" srcset=\"https:\/\/bejsment.com\/wp-content\/uploads\/2026\/04\/aacieplucha-636x349.jpg 636w, https:\/\/bejsment.com\/wp-content\/uploads\/2026\/04\/aacieplucha-300x165.jpg 300w, https:\/\/bejsment.com\/wp-content\/uploads\/2026\/04\/aacieplucha-768x421.jpg 768w, https:\/\/bejsment.com\/wp-content\/uploads\/2026\/04\/aacieplucha-133x73.jpg 133w, https:\/\/bejsment.com\/wp-content\/uploads\/2026\/04\/aacieplucha-250x137.jpg 250w, https:\/\/bejsment.com\/wp-content\/uploads\/2026\/04\/aacieplucha.jpg 990w\" sizes=\"auto, (max-width: 636px) 100vw, 636px\" \/><p id=\"caption-attachment-242300\" class=\"wp-caption-text\">Piotr Cieplucha<\/p><\/div>\n<p>W ocenie by\u0142ego wiceszefa resortu sprawiedliwo\u015bci sprawa ta stanowi \u201edrug\u0105 afer\u0119 Amber Gold pod rz\u0105dami Donalda Tuska\u201d. Zarzuci\u0142 on pa\u0144stwowym instytucjom bierno\u015b\u0107 i brak odpowiedniej reakcji, mimo ustawowego obowi\u0105zku ostrzegania obywateli.<\/p>\n<p>\u2013 Zamiast wzi\u0105\u0107 odpowiedzialno\u015b\u0107 za zaniedbania, premier wybra\u0142 drog\u0119 oszczerstw i politycznego ataku \u2013 napisa\u0142 Cieplucha w mediach spo\u0142eczno\u015bciowych.<\/p>\n<p>Doda\u0142, \u017ce \u2013 jego zdaniem \u2013 skutkiem tych dzia\u0142a\u0144 by\u0142y straty finansowe i wizerunkowe poniesione przez obywateli oraz r\u00f3\u017cne organizacje, w tym tak\u017ce fundacje i media.<\/p>\n<p>Cieplucha podkre\u015bli\u0142 r\u00f3wnie\u017c, \u017ce w jego ocenie brak odpowiednich dzia\u0142a\u0144 ze strony pa\u0144stwa stworzy\u0142 warunki sprzyjaj\u0105ce nadu\u017cyciom. \u2013 To nie przypadek, lecz systemowa nieudolno\u015b\u0107 \u2013 zaznaczy\u0142.<\/p>\n<blockquote class=\"twitter-tweet\" data-width=\"550\" data-dnt=\"true\">\n<p lang=\"pl\" dir=\"ltr\">Fundacja \u201eInstytut Polski Suwerennej\u201d skierowa\u0142a do s\u0105du prywatny akt oskar\u017cenia przeciwko Donaldowi Tuskowi za k\u0142amliwe pom\u00f3wienie oraz wniosek o uchylenie mu immunitetu.<br \/>Zamiast wzi\u0105\u0107 odpowiedzialno\u015b\u0107 za gigantyczne zaniedbania swojego rz\u0105du i ca\u0142kowit\u0105 bierno\u015b\u0107 podleg\u0142ych mu\u2026<\/p>\n<p>&mdash; Piotr Cieplucha (@PiotrCieplucha) <a href=\"https:\/\/twitter.com\/PiotrCieplucha\/status\/2048290766410199299?ref_src=twsrc%5Etfw\">April 26, 2026<\/a><\/p><\/blockquote>\n<p><script async src=\"https:\/\/platform.twitter.com\/widgets.js\" charset=\"utf-8\"><\/script><\/p>\n<p>Fundacja domaga si\u0119, aby premier poni\u00f3s\u0142 konsekwencje prawne swoich wypowiedzi. Jak wskaza\u0142 Cieplucha, oczekuje si\u0119, \u017ce Donald Tusk nie b\u0119dzie powo\u0142ywa\u0142 si\u0119 na immunitet i stanie przed s\u0105dem.<\/p>\n<p>Na razie brak jest stanowiska premiera w tej sprawie.<\/p>\n","protected":false},"excerpt":{"rendered":"<p>Fundacja Instytut Polski Suwerennej skierowa\u0142a do s\u0105du prywatny akt oskar\u017cenia przeciwko premierowi Donaldowi Tuskowi. Przygotowano r\u00f3wnie\u017c wniosek o uchylenie immunitetu liderowi Koalicji Obywatelskiej. Jak poinformowa\u0142&hellip;<\/p>\n","protected":false},"author":57,"featured_media":242299,"comment_status":"open","ping_status":"open","sticky":false,"template":"","format":"standard","meta":{"footnotes":""},"categories":[569,3],"tags":[],"class_list":["post-242298","post","type-post","status-publish","format-standard","has-post-thumbnail","hentry","category-polska","category-top-news"],"_links":{"self":[{"href":"https:\/\/bejsment.com\/index.php\/wp-json\/wp\/v2\/posts\/242298","targetHints":{"allow":["GET"]}}],"collection":[{"href":"https:\/\/bejsment.com\/index.php\/wp-json\/wp\/v2\/posts"}],"about":[{"href":"https:\/\/bejsment.com\/index.php\/wp-json\/wp\/v2\/types\/post"}],"author":[{"embeddable":true,"href":"https:\/\/bejsment.com\/index.php\/wp-json\/wp\/v2\/users\/57"}],"replies":[{"embeddable":true,"href":"https:\/\/bejsment.com\/index.php\/wp-json\/wp\/v2\/comments?post=242298"}],"version-history":[{"count":1,"href":"https:\/\/bejsment.com\/index.php\/wp-json\/wp\/v2\/posts\/242298\/revisions"}],"predecessor-version":[{"id":242302,"href":"https:\/\/bejsment.com\/index.php\/wp-json\/wp\/v2\/posts\/242298\/revisions\/242302"}],"wp:featuredmedia":[{"embeddable":true,"href":"https:\/\/bejsment.com\/index.php\/wp-json\/wp\/v2\/media\/242299"}],"wp:attachment":[{"href":"https:\/\/bejsment.com\/index.php\/wp-json\/wp\/v2\/media?parent=242298"}],"wp:term":[{"taxonomy":"category","embeddable":true,"href":"https:\/\/bejsment.com\/index.php\/wp-json\/wp\/v2\/categories?post=242298"},{"taxonomy":"post_tag","embeddable":true,"href":"https:\/\/bejsment.com\/index.php\/wp-json\/wp\/v2\/tags?post=242298"}],"curies":[{"name":"wp","href":"https:\/\/api.w.org\/{rel}","templated":true}]}}