{"id":242318,"date":"2026-04-26T13:00:16","date_gmt":"2026-04-26T17:00:16","guid":{"rendered":"https:\/\/bejsment.com\/?p=242318"},"modified":"2026-04-26T08:20:09","modified_gmt":"2026-04-26T12:20:09","slug":"rzad-carneya-pod-presja-wkrotce-aktualizacja-fiskalna","status":"publish","type":"post","link":"https:\/\/bejsment.com\/index.php\/2026\/04\/26\/rzad-carneya-pod-presja-wkrotce-aktualizacja-fiskalna\/","title":{"rendered":"Rz\u0105d Carneya pod presj\u0105. Wkr\u00f3tce aktualizacja fiskalna"},"content":{"rendered":"<div id=\"attachment_242320\" style=\"width: 646px\" class=\"wp-caption aligncenter\"><img loading=\"lazy\" decoding=\"async\" aria-describedby=\"caption-attachment-242320\" class=\"size-custom-full-size wp-image-242320\" src=\"https:\/\/bejsment.com\/wp-content\/uploads\/2026\/04\/aachampagnecarney-636x392.jpg\" alt=\"\" width=\"636\" height=\"392\" srcset=\"https:\/\/bejsment.com\/wp-content\/uploads\/2026\/04\/aachampagnecarney-636x392.jpg 636w, https:\/\/bejsment.com\/wp-content\/uploads\/2026\/04\/aachampagnecarney-300x185.jpg 300w, https:\/\/bejsment.com\/wp-content\/uploads\/2026\/04\/aachampagnecarney-768x473.jpg 768w, https:\/\/bejsment.com\/wp-content\/uploads\/2026\/04\/aachampagnecarney-1200x739.jpg 1200w, https:\/\/bejsment.com\/wp-content\/uploads\/2026\/04\/aachampagnecarney-119x73.jpg 119w, https:\/\/bejsment.com\/wp-content\/uploads\/2026\/04\/aachampagnecarney-250x154.jpg 250w, https:\/\/bejsment.com\/wp-content\/uploads\/2026\/04\/aachampagnecarney.jpg 1400w\" sizes=\"auto, (max-width: 636px) 100vw, 636px\" \/><p id=\"caption-attachment-242320\" class=\"wp-caption-text\">Minister finans\u00f3w i dochod\u00f3w narodowych Francois-Philippe Champagne obserwuje, jak premier Mark Carney odpowiada na pytanie podczas og\u0142oszenia na Wzg\u00f3rzu Parlamentarnym w Ottawie.<\/p><\/div>\n<p><strong>Rz\u0105d premiera Marka Carneya stanie przed rosn\u0105c\u0105 presj\u0105 przedstawienia efekt\u00f3w swojej polityki gospodarczej, gdy we wtorek zaprezentuje wiosenn\u0105 aktualizacj\u0119 perspektyw fiskalnych.<\/strong><\/p>\n<p>Dokument zostanie opublikowany dzie\u0144 po wyborach uzupe\u0142niaj\u0105cych do parlamentu w Ottawie, kt\u00f3re przynios\u0142y Libera\u0142om czwarte z rz\u0119du zwyci\u0119stwo \u2013 pierwsze pod przyw\u00f3dztwem Carneya. W najbli\u017cszych dniach zaprzysi\u0119\u017ceni maj\u0105 zosta\u0107 kolejni pos\u0142owie partii, co wzmocni pozycj\u0119 rz\u0105du w parlamencie.<\/p>\n<p>Jesienny bud\u017cet by\u0142 dla Libera\u0142\u00f3w powa\u017cnym wyzwaniem \u2013 w\u00f3wczas jako rz\u0105d mniejszo\u015bciowy musieli liczy\u0107 na wsparcie opozycji. Obecnie sytuacja polityczna jest stabilniejsza, co daje wi\u0119ksze mo\u017cliwo\u015bci realizacji programu.<\/p>\n<p>Dotychczas polityka gospodarcza rz\u0105du koncentrowa\u0142a si\u0119 na zwi\u0119kszeniu wydatk\u00f3w na obronno\u015b\u0107 i infrastruktur\u0119 oraz dywersyfikacji eksportu i przyci\u0105ganiu inwestycji zagranicznych. Dzia\u0142ania te maj\u0105 zmniejszy\u0107 zale\u017cno\u015b\u0107 Kanady od Stan\u00f3w Zjednoczonych, m.in. w odpowiedzi na polityk\u0119 taryfow\u0105 administracji Donalda Trumpa.<\/p>\n<p>\u2013 Zaczynamy co\u015b zmienia\u0107, ale dopiero zaczynamy \u2013 powiedzia\u0142 Mark Carney, zapowiadaj\u0105c oznaki o\u017cywienia gospodarczego.<\/p>\n<p>Eksperci oczekuj\u0105 jednak wi\u0119kszej przejrzysto\u015bci. By\u0142y parlamentarny urz\u0119dnik bud\u017cetowy Kevin Page wskaza\u0142, \u017ce aktualizacja powinna jasno pokaza\u0107 wp\u0142yw nowych wydatk\u00f3w, w tym zwi\u0119kszenia nak\u0142ad\u00f3w na obronno\u015b\u0107 i projekty infrastrukturalne, na finanse pa\u0144stwa.<\/p>\n<p>\u2013 Rz\u0105d jest pod presj\u0105, by przedstawi\u0107 konkretny plan i jego skutki dla sytuacji fiskalnej \u2013 zaznaczy\u0142.<\/p>\n<p>Z kolei ekonomista Randall Bartlett oceni\u0142, \u017ce Ottawa ma dzi\u015b nieco lepszy punkt wyj\u015bcia ni\u017c jesieni\u0105, m.in. dzi\u0119ki rewizjom danych o PKB. Jednocze\u015bnie podkre\u015bli\u0142, \u017ce nie jest to efekt dzia\u0142a\u0144 rz\u0105du, lecz korzystnych zmian statystycznych.<\/p>\n<p>Na sytuacj\u0119 gospodarcz\u0105 wp\u0142ywa tak\u017ce wojna w Iranie, kt\u00f3ra podnosi ceny ropy naftowej. Mo\u017ce to zwi\u0119kszy\u0107 dochody podatkowe, ale jednocze\u015bnie rodzi ryzyko inflacyjne. Rz\u0105d stara si\u0119 r\u00f3wnowa\u017cy\u0107 te skutki m.in. poprzez ulgi podatkowe dla gospodarstw domowych.<\/p>\n<p>Bud\u017cet na 2025 rok przewidywa\u0142 deficyt na poziomie 78,3 mld dolar\u00f3w \u2013 niemal dwukrotnie wy\u017cszy ni\u017c rok wcze\u015bniej. Zdaniem ekspert\u00f3w obecna aktualizacja nie przyniesie znacz\u0105cej poprawy sytuacji fiskalnej.<\/p>\n<p>\u2013 Kanada wykorzysta\u0142a wi\u0119kszo\u015b\u0107 dost\u0119pnego marginesu bud\u017cetowego i znajduje si\u0119 w sytuacji ograniczonej stabilno\u015bci \u2013 oceni\u0142 Bartlett, ostrzegaj\u0105c, \u017ce ewentualne pogorszenie koniunktury mo\u017ce zachwia\u0107 finansami publicznymi.<\/p>\n<p>Krytycznie wobec polityki rz\u0105du wypowiada si\u0119 lider Konserwatyst\u00f3w Pierre Poilievre, kt\u00f3ry obarcza rosn\u0105ce wydatki odpowiedzialno\u015bci\u0105 za inflacj\u0119 i wzywa do ograniczenia deficytu.<\/p>\n<p>Z drugiej strony Mi\u0119dzynarodowy Fundusz Walutowy pozytywnie ocenia sytuacj\u0119 Kanady na tle innych pa\u0144stw G7, prognozuj\u0105c relatywnie szybki wzrost gospodarczy w najbli\u017cszych latach.<\/p>\n<p>Eksperci podkre\u015blaj\u0105 jednak, \u017ce mimo korzystnych ocen mi\u0119dzynarodowych, bud\u017cet federalny pozostaje pod presj\u0105, a skuteczno\u015b\u0107 polityki rz\u0105du b\u0119dzie zale\u017ca\u0142a od realnych efekt\u00f3w podejmowanych dzia\u0142a\u0144.<\/p>\n","protected":false},"excerpt":{"rendered":"<p>Rz\u0105d premiera Marka Carneya stanie przed rosn\u0105c\u0105 presj\u0105 przedstawienia efekt\u00f3w swojej polityki gospodarczej, gdy we wtorek zaprezentuje wiosenn\u0105 aktualizacj\u0119 perspektyw fiskalnych. Dokument zostanie opublikowany dzie\u0144&hellip;<\/p>\n","protected":false},"author":57,"featured_media":242321,"comment_status":"open","ping_status":"open","sticky":false,"template":"","format":"standard","meta":{"footnotes":""},"categories":[19,3],"tags":[],"class_list":["post-242318","post","type-post","status-publish","format-standard","has-post-thumbnail","hentry","category-kanada-2","category-top-news"],"_links":{"self":[{"href":"https:\/\/bejsment.com\/index.php\/wp-json\/wp\/v2\/posts\/242318","targetHints":{"allow":["GET"]}}],"collection":[{"href":"https:\/\/bejsment.com\/index.php\/wp-json\/wp\/v2\/posts"}],"about":[{"href":"https:\/\/bejsment.com\/index.php\/wp-json\/wp\/v2\/types\/post"}],"author":[{"embeddable":true,"href":"https:\/\/bejsment.com\/index.php\/wp-json\/wp\/v2\/users\/57"}],"replies":[{"embeddable":true,"href":"https:\/\/bejsment.com\/index.php\/wp-json\/wp\/v2\/comments?post=242318"}],"version-history":[{"count":1,"href":"https:\/\/bejsment.com\/index.php\/wp-json\/wp\/v2\/posts\/242318\/revisions"}],"predecessor-version":[{"id":242322,"href":"https:\/\/bejsment.com\/index.php\/wp-json\/wp\/v2\/posts\/242318\/revisions\/242322"}],"wp:featuredmedia":[{"embeddable":true,"href":"https:\/\/bejsment.com\/index.php\/wp-json\/wp\/v2\/media\/242321"}],"wp:attachment":[{"href":"https:\/\/bejsment.com\/index.php\/wp-json\/wp\/v2\/media?parent=242318"}],"wp:term":[{"taxonomy":"category","embeddable":true,"href":"https:\/\/bejsment.com\/index.php\/wp-json\/wp\/v2\/categories?post=242318"},{"taxonomy":"post_tag","embeddable":true,"href":"https:\/\/bejsment.com\/index.php\/wp-json\/wp\/v2\/tags?post=242318"}],"curies":[{"name":"wp","href":"https:\/\/api.w.org\/{rel}","templated":true}]}}