{"id":242358,"date":"2026-04-27T10:00:03","date_gmt":"2026-04-27T14:00:03","guid":{"rendered":"https:\/\/bejsment.com\/?p=242358"},"modified":"2026-04-27T01:33:48","modified_gmt":"2026-04-27T05:33:48","slug":"prezydent-nawrocki-wyrazil-solidarnosc-z-donaldem-trumpem","status":"publish","type":"post","link":"https:\/\/bejsment.com\/index.php\/2026\/04\/27\/prezydent-nawrocki-wyrazil-solidarnosc-z-donaldem-trumpem\/","title":{"rendered":"Prezydent Nawrocki wyrazi\u0142 solidarno\u015b\u0107 z Donaldem Trumpem"},"content":{"rendered":"<p><img loading=\"lazy\" decoding=\"async\" class=\"aligncenter size-custom-full-size wp-image-242359\" src=\"https:\/\/bejsment.com\/wp-content\/uploads\/2026\/04\/aanawrockitrump-636x477.jpg\" alt=\"\" width=\"636\" height=\"477\" srcset=\"https:\/\/bejsment.com\/wp-content\/uploads\/2026\/04\/aanawrockitrump-636x477.jpg 636w, https:\/\/bejsment.com\/wp-content\/uploads\/2026\/04\/aanawrockitrump-300x225.jpg 300w, https:\/\/bejsment.com\/wp-content\/uploads\/2026\/04\/aanawrockitrump-768x576.jpg 768w, https:\/\/bejsment.com\/wp-content\/uploads\/2026\/04\/aanawrockitrump-97x73.jpg 97w, https:\/\/bejsment.com\/wp-content\/uploads\/2026\/04\/aanawrockitrump-250x188.jpg 250w, https:\/\/bejsment.com\/wp-content\/uploads\/2026\/04\/aanawrockitrump.jpg 960w\" sizes=\"auto, (max-width: 636px) 100vw, 636px\" \/><\/p>\n<p><strong>Prezydent RP Karol Nawrocki wyrazi\u0142 solidarno\u015b\u0107 z prezydentem USA Donaldem Trumpem oraz uczestnikami wydarzenia, podczas kt\u00f3rego dosz\u0142o do strzelaniny w Waszyngtonie.<\/strong><\/p>\n<p>Do incydentu dosz\u0142o w nocy z soboty na niedziel\u0119 czasu polskiego w hotelu Hilton, podczas gali Stowarzyszenia Korespondent\u00f3w Bia\u0142ego Domu. 31-letni napastnik, zidentyfikowany jako Cole Tomas Allen z Torrance w Kalifornii, otworzy\u0142 ogie\u0144 w hotelowym lobby. Zosta\u0142 zatrzymany przez s\u0142u\u017cby, a w poniedzia\u0142ek ma us\u0142ysze\u0107 formalne zarzuty.<\/p>\n<p>Podczas zdarzenia ranny zosta\u0142 funkcjonariusz Secret Service. Jak poinformowa\u0142 Donald Trump, \u017cycie agenta uratowa\u0142a kamizelka kuloodporna.<\/p>\n<p>S\u0142u\u017cby ewakuowa\u0142y uczestnik\u00f3w wydarzenia, w tym par\u0119 prezydenck\u0105 \u2013 Donalda Trumpa i Melani\u0119 Trump \u2013 oraz wiceprezydenta USA J.D. Vance\u2019a.<\/p>\n<p>W swoim o\u015bwiadczeniu Karol Nawrocki podkre\u015bli\u0142, \u017ce z niepokojem przyj\u0105\u0142 informacje o ataku i zdecydowanie pot\u0119pi\u0142 przemoc.<br \/>\n\u2013 Wyra\u017cam solidarno\u015b\u0107 z prezydentem USA oraz wszystkimi uczestnikami wydarzenia, kt\u00f3rych \u017cycie i zdrowie mog\u0142o by\u0107 zagro\u017cone. Stany Zjednoczone s\u0105 i pozostan\u0105 naszym najwa\u017cniejszym sojusznikiem \u2013 przekaza\u0142.<\/p>\n<p>Do sprawy odni\u00f3s\u0142 si\u0119 tak\u017ce premier Donald Tusk.<br \/>\n\u2013 Ca\u0142y wolny \u015bwiat jednoczy si\u0119 dzi\u015b w pot\u0119pieniu pr\u00f3by ataku w Waszyngtonie. Polska stoi w pe\u0142nej solidarno\u015bci z Ameryk\u0105 \u2013 napisa\u0142 w mediach spo\u0142eczno\u015bciowych.<\/p>\n<p>Zapytany przez dziennikarzy, czy uwa\u017ca, \u017ce by\u0142 celem napastnika, Donald Trump odpowiedzia\u0142, \u017ce jest to prawdopodobne. Odni\u00f3s\u0142 si\u0119 przy tym do historii zamach\u00f3w na ameryka\u0144skich przyw\u00f3dc\u00f3w, przywo\u0142uj\u0105c posta\u0107 Abrahama Lincolna, kt\u00f3ry zosta\u0142 zamordowany w 1865 roku.<\/p>\n<p>Strzelanina mia\u0142a miejsce w hotelu, w kt\u00f3rym w 1981 roku dosz\u0142o do zamachu na \u00f3wczesnego prezydenta USA Ronalda Reagana.<\/p>\n<p>\u015aledztwo w sprawie ataku trwa.<\/p>\n","protected":false},"excerpt":{"rendered":"<p>Prezydent RP Karol Nawrocki wyrazi\u0142 solidarno\u015b\u0107 z prezydentem USA Donaldem Trumpem oraz uczestnikami wydarzenia, podczas kt\u00f3rego dosz\u0142o do strzelaniny w Waszyngtonie. Do incydentu dosz\u0142o w&hellip;<\/p>\n","protected":false},"author":57,"featured_media":242360,"comment_status":"open","ping_status":"open","sticky":false,"template":"","format":"standard","meta":{"footnotes":""},"categories":[570,3],"tags":[],"class_list":["post-242358","post","type-post","status-publish","format-standard","has-post-thumbnail","hentry","category-swiat","category-top-news"],"_links":{"self":[{"href":"https:\/\/bejsment.com\/index.php\/wp-json\/wp\/v2\/posts\/242358","targetHints":{"allow":["GET"]}}],"collection":[{"href":"https:\/\/bejsment.com\/index.php\/wp-json\/wp\/v2\/posts"}],"about":[{"href":"https:\/\/bejsment.com\/index.php\/wp-json\/wp\/v2\/types\/post"}],"author":[{"embeddable":true,"href":"https:\/\/bejsment.com\/index.php\/wp-json\/wp\/v2\/users\/57"}],"replies":[{"embeddable":true,"href":"https:\/\/bejsment.com\/index.php\/wp-json\/wp\/v2\/comments?post=242358"}],"version-history":[{"count":1,"href":"https:\/\/bejsment.com\/index.php\/wp-json\/wp\/v2\/posts\/242358\/revisions"}],"predecessor-version":[{"id":242361,"href":"https:\/\/bejsment.com\/index.php\/wp-json\/wp\/v2\/posts\/242358\/revisions\/242361"}],"wp:featuredmedia":[{"embeddable":true,"href":"https:\/\/bejsment.com\/index.php\/wp-json\/wp\/v2\/media\/242360"}],"wp:attachment":[{"href":"https:\/\/bejsment.com\/index.php\/wp-json\/wp\/v2\/media?parent=242358"}],"wp:term":[{"taxonomy":"category","embeddable":true,"href":"https:\/\/bejsment.com\/index.php\/wp-json\/wp\/v2\/categories?post=242358"},{"taxonomy":"post_tag","embeddable":true,"href":"https:\/\/bejsment.com\/index.php\/wp-json\/wp\/v2\/tags?post=242358"}],"curies":[{"name":"wp","href":"https:\/\/api.w.org\/{rel}","templated":true}]}}