{"id":242362,"date":"2026-04-27T08:00:01","date_gmt":"2026-04-27T12:00:01","guid":{"rendered":"https:\/\/bejsment.com\/?p=242362"},"modified":"2026-04-27T01:46:22","modified_gmt":"2026-04-27T05:46:22","slug":"zamach-w-mali-nie-zyje-minister-obrony-walki-ogarniaja-kraj","status":"publish","type":"post","link":"https:\/\/bejsment.com\/index.php\/2026\/04\/27\/zamach-w-mali-nie-zyje-minister-obrony-walki-ogarniaja-kraj\/","title":{"rendered":"Zamach w Mali. Nie \u017cyje minister obrony, walki ogarniaj\u0105 kraj"},"content":{"rendered":"<p><img loading=\"lazy\" decoding=\"async\" class=\"aligncenter size-custom-full-size wp-image-242363\" src=\"https:\/\/bejsment.com\/wp-content\/uploads\/2026\/04\/aamali3-636x358.jpg\" alt=\"\" width=\"636\" height=\"358\" srcset=\"https:\/\/bejsment.com\/wp-content\/uploads\/2026\/04\/aamali3-636x358.jpg 636w, https:\/\/bejsment.com\/wp-content\/uploads\/2026\/04\/aamali3-300x169.jpg 300w, https:\/\/bejsment.com\/wp-content\/uploads\/2026\/04\/aamali3-768x432.jpg 768w, https:\/\/bejsment.com\/wp-content\/uploads\/2026\/04\/aamali3-130x73.jpg 130w, https:\/\/bejsment.com\/wp-content\/uploads\/2026\/04\/aamali3-250x141.jpg 250w, https:\/\/bejsment.com\/wp-content\/uploads\/2026\/04\/aamali3.jpg 1200w\" sizes=\"auto, (max-width: 636px) 100vw, 636px\" \/><\/p>\n<p><strong>Minister obrony Mali Sadio Camara zgin\u0105\u0142 w wyniku zamachu bombowego na jego dom \u2013 poinformowa\u0142y rodzina polityka oraz lokalne w\u0142adze. Atak mia\u0142 miejsce w Kati, bastionie rz\u0105dz\u0105cej junty na obrze\u017cach Bamako.<\/strong><\/p>\n<p>W zamachu zgin\u0119li tak\u017ce cz\u0142onkowie rodziny ministra \u2013 jego druga \u017cona oraz dwoje wnucz\u0105t.<\/p>\n<p>Do zdarzenia dosz\u0142o w czasie nasilaj\u0105cych si\u0119 walk mi\u0119dzy armi\u0105 a ugrupowaniami zbrojnymi. Jak poda\u0142a agencja AFP, sobotnie ataki zosta\u0142y skoordynowane przez Tuareg\u00f3w z Front Wyzwolenia Azawadu oraz d\u017cihadystyczn\u0105 Grupa Wsparcia Islamu i Muzu\u0142man\u00f3w. Uderzenia obj\u0119\u0142y kilka region\u00f3w kraju, w tym stolic\u0119.<\/p>\n<p>W niedziel\u0119 walki wybuch\u0142y m.in. w Kati, Kidal, Gao i S\u00e9gou. Sytuacja szczeg\u00f3lnie zaostrzy\u0142a si\u0119 na p\u00f3\u0142nocy, gdzie rebelianci tuarescy og\u0142osili porozumienie umo\u017cliwiaj\u0105ce wycofanie si\u0119 si\u0142 rz\u0105dowych i ich rosyjskich sojusznik\u00f3w z miasta Kidal.<\/p>\n<p>\u2013 Osi\u0105gni\u0119to porozumienie pozwalaj\u0105ce armii malijskiej i jej sojusznikom na opuszczenie obozu \u2013 przekaza\u0142 przedstawiciel Tuareg\u00f3w cytowany przez AFP.<\/p>\n<p>\u015awiadkowie informuj\u0105, \u017ce kontrol\u0119 nad ulicami przej\u0119li bojownicy. Kidal, uznawane za bastion Tuareg\u00f3w, zosta\u0142o odbite przez armi\u0119 w listopadzie 2023 roku przy wsparciu rosyjskiej grupy Wagnera, co zako\u0144czy\u0142o wieloletni\u0105 kontrol\u0119 rebeliant\u00f3w. Obecnie sytuacja uleg\u0142a ponownemu zaostrzeniu.<\/p>\n<p>Rebelianci twierdz\u0105 r\u00f3wnie\u017c, \u017ce zaj\u0119li pozycje w regionie Gao. Zdaniem lokalnych \u017ar\u00f3de\u0142 celem atak\u00f3w by\u0142o nie tylko zdobycie terytorium, ale tak\u017ce demonstracja si\u0142y, szczeg\u00f3lnie w symbolicznie wa\u017cnym Kidal.<\/p>\n<p><img loading=\"lazy\" decoding=\"async\" class=\"aligncenter size-custom-full-size wp-image-242365\" src=\"https:\/\/bejsment.com\/wp-content\/uploads\/2026\/04\/aamali-636x489.jpg\" alt=\"\" width=\"636\" height=\"489\" srcset=\"https:\/\/bejsment.com\/wp-content\/uploads\/2026\/04\/aamali-636x489.jpg 636w, https:\/\/bejsment.com\/wp-content\/uploads\/2026\/04\/aamali-300x231.jpg 300w, https:\/\/bejsment.com\/wp-content\/uploads\/2026\/04\/aamali-768x591.jpg 768w, https:\/\/bejsment.com\/wp-content\/uploads\/2026\/04\/aamali-95x73.jpg 95w, https:\/\/bejsment.com\/wp-content\/uploads\/2026\/04\/aamali-250x192.jpg 250w, https:\/\/bejsment.com\/wp-content\/uploads\/2026\/04\/aamali.jpg 1200w\" sizes=\"auto, (max-width: 636px) 100vw, 636px\" \/><\/p>\n<p>Mali od ponad dekady zmaga si\u0119 z dzia\u0142alno\u015bci\u0105 ugrupowa\u0144 d\u017cihadystycznych, jednak \u2013 wed\u0142ug obserwator\u00f3w \u2013 ostatnie ataki nale\u017c\u0105 do najpowa\u017cniejszych od czasu przej\u0119cia w\u0142adzy przez junt\u0119 w 2020 roku.<\/p>\n<p>W\u0142adze Mali minimalizuj\u0105 skal\u0119 strat, informuj\u0105c o 16 rannych wojskowych i cywilach. Z kolei media zachodnie opisuj\u0105 sytuacj\u0119 jako bardzo powa\u017cn\u0105. W Bamako pojawi\u0142y si\u0119 barykady w pobli\u017cu koszar wojskowych i policyjnych, a na lotnisku s\u0142ycha\u0107 by\u0142o odg\u0142osy walk.<\/p>\n<p>Do wydarze\u0144 odni\u00f3s\u0142 si\u0119 sekretarz generalny ONZ Ant\u00f3nio Guterres, kt\u00f3ry pot\u0119pi\u0142 akty przemocy i wyrazi\u0142 g\u0142\u0119bokie zaniepokojenie sytuacj\u0105.<\/p>\n<p>\u2013 Wzywamy do skoordynowanego wsparcia mi\u0119dzynarodowego w celu przeciwdzia\u0142ania rosn\u0105cemu zagro\u017ceniu ekstremizmem oraz zaspokojenia pilnych potrzeb humanitarnych \u2013 przekaza\u0142 jego rzecznik St\u00e9phane Dujarric.<\/p>\n<p>Ataki pot\u0119pi\u0142a r\u00f3wnie\u017c Unia Europejska, okre\u015blaj\u0105c je jako akty terrorystyczne.<\/p>\n<p>Sytuacja w Mali pozostaje niestabilna, a walki wci\u0105\u017c trwaj\u0105.<\/p>\n","protected":false},"excerpt":{"rendered":"<p>Minister obrony Mali Sadio Camara zgin\u0105\u0142 w wyniku zamachu bombowego na jego dom \u2013 poinformowa\u0142y rodzina polityka oraz lokalne w\u0142adze. Atak mia\u0142 miejsce w Kati,&hellip;<\/p>\n","protected":false},"author":57,"featured_media":242364,"comment_status":"open","ping_status":"open","sticky":false,"template":"","format":"standard","meta":{"footnotes":""},"categories":[570,3],"tags":[],"class_list":["post-242362","post","type-post","status-publish","format-standard","has-post-thumbnail","hentry","category-swiat","category-top-news"],"_links":{"self":[{"href":"https:\/\/bejsment.com\/index.php\/wp-json\/wp\/v2\/posts\/242362","targetHints":{"allow":["GET"]}}],"collection":[{"href":"https:\/\/bejsment.com\/index.php\/wp-json\/wp\/v2\/posts"}],"about":[{"href":"https:\/\/bejsment.com\/index.php\/wp-json\/wp\/v2\/types\/post"}],"author":[{"embeddable":true,"href":"https:\/\/bejsment.com\/index.php\/wp-json\/wp\/v2\/users\/57"}],"replies":[{"embeddable":true,"href":"https:\/\/bejsment.com\/index.php\/wp-json\/wp\/v2\/comments?post=242362"}],"version-history":[{"count":1,"href":"https:\/\/bejsment.com\/index.php\/wp-json\/wp\/v2\/posts\/242362\/revisions"}],"predecessor-version":[{"id":242366,"href":"https:\/\/bejsment.com\/index.php\/wp-json\/wp\/v2\/posts\/242362\/revisions\/242366"}],"wp:featuredmedia":[{"embeddable":true,"href":"https:\/\/bejsment.com\/index.php\/wp-json\/wp\/v2\/media\/242364"}],"wp:attachment":[{"href":"https:\/\/bejsment.com\/index.php\/wp-json\/wp\/v2\/media?parent=242362"}],"wp:term":[{"taxonomy":"category","embeddable":true,"href":"https:\/\/bejsment.com\/index.php\/wp-json\/wp\/v2\/categories?post=242362"},{"taxonomy":"post_tag","embeddable":true,"href":"https:\/\/bejsment.com\/index.php\/wp-json\/wp\/v2\/tags?post=242362"}],"curies":[{"name":"wp","href":"https:\/\/api.w.org\/{rel}","templated":true}]}}