{"id":242371,"date":"2026-04-27T11:00:24","date_gmt":"2026-04-27T15:00:24","guid":{"rendered":"https:\/\/bejsment.com\/?p=242371"},"modified":"2026-04-27T02:39:15","modified_gmt":"2026-04-27T06:39:15","slug":"ostre-slowa-i-pozniejsze-przeprosiny-forda","status":"publish","type":"post","link":"https:\/\/bejsment.com\/index.php\/2026\/04\/27\/ostre-slowa-i-pozniejsze-przeprosiny-forda\/","title":{"rendered":"Ostre s\u0142owa i p\u00f3\u017aniejsze przeprosiny Forda"},"content":{"rendered":"<div id=\"attachment_242374\" style=\"width: 646px\" class=\"wp-caption aligncenter\"><img loading=\"lazy\" decoding=\"async\" aria-describedby=\"caption-attachment-242374\" class=\"size-custom-full-size wp-image-242374\" src=\"https:\/\/bejsment.com\/wp-content\/uploads\/2026\/04\/aafordprzeprasza-636x358.jpg\" alt=\"\" width=\"636\" height=\"358\" srcset=\"https:\/\/bejsment.com\/wp-content\/uploads\/2026\/04\/aafordprzeprasza-636x358.jpg 636w, https:\/\/bejsment.com\/wp-content\/uploads\/2026\/04\/aafordprzeprasza-300x169.jpg 300w, https:\/\/bejsment.com\/wp-content\/uploads\/2026\/04\/aafordprzeprasza-768x432.jpg 768w, https:\/\/bejsment.com\/wp-content\/uploads\/2026\/04\/aafordprzeprasza-1200x675.jpg 1200w, https:\/\/bejsment.com\/wp-content\/uploads\/2026\/04\/aafordprzeprasza-130x73.jpg 130w, https:\/\/bejsment.com\/wp-content\/uploads\/2026\/04\/aafordprzeprasza-250x141.jpg 250w, https:\/\/bejsment.com\/wp-content\/uploads\/2026\/04\/aafordprzeprasza.jpg 1280w\" sizes=\"auto, (max-width: 636px) 100vw, 636px\" \/><p id=\"caption-attachment-242374\" class=\"wp-caption-text\">Doug Ford<\/p><\/div>\n<p><strong>Premier Ontario Doug Ford przeprosi\u0142 liberaln\u0105 pos\u0142ank\u0119 Stephanie Smyth po tym, jak w ubieg\u0142ym tygodniu skierowa\u0142 pod jej adresem osobiste uwagi podczas debaty w prowincjonalnym parlamencie.<\/strong><\/p>\n<p>Do incydentu dosz\u0142o w czwartek podczas sesji pyta\u0144 do rz\u0105du. Dyskusja dotyczy\u0142a m.in. szerokiego projektu ustawy bud\u017cetowej, zawieraj\u0105cego przepisy ograniczaj\u0105ce dost\u0119p do dokument\u00f3w premiera, ministr\u00f3w i ich wsp\u00f3\u0142pracownik\u00f3w w ramach prawa o dost\u0119pie do informacji publicznej.<\/p>\n<p>Stephanie Smyth zapyta\u0142a premiera, dlaczego \u2013 mimo deklarowanej odpowiedzialno\u015bci \u2013 jego rz\u0105d wprowadza rozwi\u0105zania utrudniaj\u0105ce rozliczanie w\u0142adzy. W odpowiedzi Doug Ford odni\u00f3s\u0142 si\u0119 do jej wcze\u015bniejszej pracy dziennikarskiej, sugeruj\u0105c, \u017ce zasiada w parlamencie, poniewa\u017c \u201estacja CP24 ju\u017c jej nie chcia\u0142a\u201d.<\/p>\n<div id=\"attachment_242373\" style=\"width: 646px\" class=\"wp-caption aligncenter\"><img loading=\"lazy\" decoding=\"async\" aria-describedby=\"caption-attachment-242373\" class=\"size-custom-full-size wp-image-242373\" src=\"https:\/\/bejsment.com\/wp-content\/uploads\/2026\/04\/aastephanie-636x424.jpg\" alt=\"\" width=\"636\" height=\"424\" srcset=\"https:\/\/bejsment.com\/wp-content\/uploads\/2026\/04\/aastephanie-636x424.jpg 636w, https:\/\/bejsment.com\/wp-content\/uploads\/2026\/04\/aastephanie-300x200.jpg 300w, https:\/\/bejsment.com\/wp-content\/uploads\/2026\/04\/aastephanie-768x512.jpg 768w, https:\/\/bejsment.com\/wp-content\/uploads\/2026\/04\/aastephanie-110x73.jpg 110w, https:\/\/bejsment.com\/wp-content\/uploads\/2026\/04\/aastephanie-250x167.jpg 250w, https:\/\/bejsment.com\/wp-content\/uploads\/2026\/04\/aastephanie.jpg 1200w\" sizes=\"auto, (max-width: 636px) 100vw, 636px\" \/><p id=\"caption-attachment-242373\" class=\"wp-caption-text\">Stephanie Smyth<\/p><\/div>\n<p>Komentarz wywo\u0142a\u0142 poruszenie na sali. Przewodnicz\u0105ca obrad Donna Skelly upomnia\u0142a pos\u0142\u00f3w zak\u0142\u00f3caj\u0105cych przebieg sesji i zaapelowa\u0142a o pow\u015bci\u0105gliwo\u015b\u0107 w j\u0119zyku, jednak nie zobowi\u0105za\u0142a premiera do wycofania wypowiedzi.<\/p>\n<p>Pod koniec posiedzenia tymczasowy lider libera\u0142\u00f3w John Fraser wezwa\u0142 Douga Forda do przeprosin. Premier odpowiedzia\u0142 w\u00f3wczas, \u017ce osoby krytykuj\u0105ce musz\u0105 by\u0107 gotowe r\u00f3wnie\u017c na przyj\u0119cie krytyki.<\/p>\n<p>Do przeprosin dosz\u0142o dopiero p\u00f3\u017aniej. W niedziel\u0119 Stephanie Smyth poinformowa\u0142a w mediach spo\u0142eczno\u015bciowych, \u017ce Doug Ford przeprosi\u0142 j\u0105 za swoje s\u0142owa, a ona przyj\u0119\u0142a przeprosiny.<\/p>\n<p>\u2013 To, co dzieje si\u0119 w tej izbie, odbija si\u0119 na nas wszystkich \u2013 napisa\u0142a. \u2013 Jeste\u015bmy winni naszym wyborcom i sobie nawzajem, by zachowywa\u0107 odpowiedni poziom debaty.<\/p>\n<p>Pos\u0142anka wyrazi\u0142a nadziej\u0119, \u017ce sytuacja stanie si\u0119 impulsem do podniesienia standard\u00f3w dyskusji w parlamencie.<\/p>\n<blockquote class=\"twitter-tweet\" data-width=\"550\" data-dnt=\"true\">\n<p lang=\"en\" dir=\"ltr\">NEW &#8211; Liberal MPP Stephanie Smyth says Premier Ford has apologized to her for comments he made in the legislature Thursday. <a href=\"https:\/\/t.co\/lkWJ9zQhzD\">https:\/\/t.co\/lkWJ9zQhzD<\/a><\/p>\n<p>&mdash; Richard Southern (@RichardCityNews) <a href=\"https:\/\/twitter.com\/RichardCityNews\/status\/2048530143933517971?ref_src=twsrc%5Etfw\">April 26, 2026<\/a><\/p><\/blockquote>\n<p><script async src=\"https:\/\/platform.twitter.com\/widgets.js\" charset=\"utf-8\"><\/script><\/p>\n","protected":false},"excerpt":{"rendered":"<p>Premier Ontario Doug Ford przeprosi\u0142 liberaln\u0105 pos\u0142ank\u0119 Stephanie Smyth po tym, jak w ubieg\u0142ym tygodniu skierowa\u0142 pod jej adresem osobiste uwagi podczas debaty w prowincjonalnym&hellip;<\/p>\n","protected":false},"author":57,"featured_media":242372,"comment_status":"open","ping_status":"open","sticky":false,"template":"","format":"standard","meta":{"footnotes":""},"categories":[577,3],"tags":[],"class_list":["post-242371","post","type-post","status-publish","format-standard","has-post-thumbnail","hentry","category-ontario","category-top-news"],"_links":{"self":[{"href":"https:\/\/bejsment.com\/index.php\/wp-json\/wp\/v2\/posts\/242371","targetHints":{"allow":["GET"]}}],"collection":[{"href":"https:\/\/bejsment.com\/index.php\/wp-json\/wp\/v2\/posts"}],"about":[{"href":"https:\/\/bejsment.com\/index.php\/wp-json\/wp\/v2\/types\/post"}],"author":[{"embeddable":true,"href":"https:\/\/bejsment.com\/index.php\/wp-json\/wp\/v2\/users\/57"}],"replies":[{"embeddable":true,"href":"https:\/\/bejsment.com\/index.php\/wp-json\/wp\/v2\/comments?post=242371"}],"version-history":[{"count":1,"href":"https:\/\/bejsment.com\/index.php\/wp-json\/wp\/v2\/posts\/242371\/revisions"}],"predecessor-version":[{"id":242375,"href":"https:\/\/bejsment.com\/index.php\/wp-json\/wp\/v2\/posts\/242371\/revisions\/242375"}],"wp:featuredmedia":[{"embeddable":true,"href":"https:\/\/bejsment.com\/index.php\/wp-json\/wp\/v2\/media\/242372"}],"wp:attachment":[{"href":"https:\/\/bejsment.com\/index.php\/wp-json\/wp\/v2\/media?parent=242371"}],"wp:term":[{"taxonomy":"category","embeddable":true,"href":"https:\/\/bejsment.com\/index.php\/wp-json\/wp\/v2\/categories?post=242371"},{"taxonomy":"post_tag","embeddable":true,"href":"https:\/\/bejsment.com\/index.php\/wp-json\/wp\/v2\/tags?post=242371"}],"curies":[{"name":"wp","href":"https:\/\/api.w.org\/{rel}","templated":true}]}}