{"id":242500,"date":"2026-04-28T16:30:09","date_gmt":"2026-04-28T20:30:09","guid":{"rendered":"https:\/\/bejsment.com\/?p=242500"},"modified":"2026-04-28T13:58:27","modified_gmt":"2026-04-28T17:58:27","slug":"krwawy-zamach-w-kolumbii-co-najmniej-20-ofiar-eksplozji","status":"publish","type":"post","link":"https:\/\/bejsment.com\/index.php\/2026\/04\/28\/krwawy-zamach-w-kolumbii-co-najmniej-20-ofiar-eksplozji\/","title":{"rendered":"Krwawy zamach w Kolumbii. Co najmniej 20 ofiar eksplozji"},"content":{"rendered":"<p><img decoding=\"async\" class=\"wp-image-543599 size-custom-big-size\" src=\"https:\/\/diarioelpopular.com\/wp-content\/uploads\/2026\/04\/Screen-Shot-2026-04-28-at-8.29.26-AM-1200x798.png\" aria-describedby=\"caption-attachment-543599\" \/><\/p>\n<p>Co najmniej 20 os\u00f3b zgin\u0119\u0142o w wyniku pot\u0119\u017cnej eksplozji w departamencie Cauca w po\u0142udniowo-zachodniej Kolumbii. W\u0142adze podejrzewaj\u0105, \u017ce za atakiem stoj\u0105 cz\u0142onkowie ugrupowania kierowanego przez Iv\u00e1na Mordisco, jednego z lider\u00f3w frakcji wywodz\u0105cych si\u0119 z dawnej partyzantki FARC.<\/p>\n<p>Do wybuchu dosz\u0142o w sobotnie popo\u0142udnie na autostradzie Panameryka\u0144skiej. Si\u0142a detonacji by\u0142a tak du\u017ca, \u017ce odg\u0142os eksplozji s\u0142yszano w miejscowo\u015bciach oddalonych o wiele kilometr\u00f3w. Na miejscu powsta\u0142 rozleg\u0142y krater, a akcja ratunkowa trwa\u0142a kilka godzin.<\/p>\n<p>S\u0142u\u017cby ratunkowe i policja prowadzi\u0142y poszukiwania ofiar w trudnym terenie. Wed\u0142ug wst\u0119pnych danych zgin\u0119\u0142o oko\u0142o 20 os\u00f3b, jednak bilans mo\u017ce ulec zmianie.<\/p>\n<p>Kolumbijski prezydent Gustavo Petro pot\u0119pi\u0142 zamach, okre\u015blaj\u0105c sprawc\u00f3w mianem terroryst\u00f3w i handlarzy narkotyk\u00f3w. Zapowiedzia\u0142 zdecydowane dzia\u0142ania przeciwko grupom zbrojnym odpowiedzialnym za przemoc wobec ludno\u015bci cywilnej.<\/p>\n<p>Zdaniem w\u0142adz atak mo\u017ce mie\u0107 tak\u017ce wymiar mi\u0119dzynarodowy. Petro zasugerowa\u0142, \u017ce u\u017cyte materia\u0142y wybuchowe mog\u0142y pochodzi\u0107 z Ekwadoru, a za dzia\u0142alno\u015bci\u0105 grup przest\u0119pczych mog\u0105 sta\u0107 organizacje zajmuj\u0105ce si\u0119 handlem kokain\u0105 poza granicami Kolumbii.<\/p>\n<p>Prezydent poinformowa\u0142 r\u00f3wnie\u017c o skierowaniu sprawy do Mi\u0119dzynarodowego Trybuna\u0142u Karnego. Wniosek dotyczy zbadania mo\u017cliwych zbrodni przeciwko ludzko\u015bci pope\u0142nianych przez zbrojne ugrupowania dzia\u0142aj\u0105ce w kraju.<\/p>\n<p>Kolumbia od lat zmaga si\u0119 z fal\u0105 przemocy. Wed\u0142ug oficjalnych danych tylko w pierwszych czterech miesi\u0105cach 2026 roku dosz\u0142o do 48 masakr, w kt\u00f3rych zgin\u0119\u0142o 229 os\u00f3b. To jeden z najwy\u017cszych wska\u017anik\u00f3w przemocy w ostatnich latach.<\/p>\n<p>Zamach w Cauca ponownie zwr\u00f3ci\u0142 uwag\u0119 na niestabiln\u0105 sytuacj\u0119 bezpiecze\u0144stwa oraz rosn\u0105c\u0105 aktywno\u015b\u0107 grup zbrojnych walcz\u0105cych o wp\u0142ywy i kontrol\u0119 nad szlakami przemytu narkotyk\u00f3w.<\/p>\n","protected":false},"excerpt":{"rendered":"<p>Co najmniej 20 os\u00f3b zgin\u0119\u0142o w wyniku pot\u0119\u017cnej eksplozji w departamencie Cauca w po\u0142udniowo-zachodniej Kolumbii. W\u0142adze podejrzewaj\u0105, \u017ce za atakiem stoj\u0105 cz\u0142onkowie ugrupowania kierowanego przez&hellip;<\/p>\n","protected":false},"author":928,"featured_media":242501,"comment_status":"open","ping_status":"open","sticky":false,"template":"","format":"standard","meta":{"footnotes":""},"categories":[570,3],"tags":[],"class_list":["post-242500","post","type-post","status-publish","format-standard","has-post-thumbnail","hentry","category-swiat","category-top-news"],"_links":{"self":[{"href":"https:\/\/bejsment.com\/index.php\/wp-json\/wp\/v2\/posts\/242500","targetHints":{"allow":["GET"]}}],"collection":[{"href":"https:\/\/bejsment.com\/index.php\/wp-json\/wp\/v2\/posts"}],"about":[{"href":"https:\/\/bejsment.com\/index.php\/wp-json\/wp\/v2\/types\/post"}],"author":[{"embeddable":true,"href":"https:\/\/bejsment.com\/index.php\/wp-json\/wp\/v2\/users\/928"}],"replies":[{"embeddable":true,"href":"https:\/\/bejsment.com\/index.php\/wp-json\/wp\/v2\/comments?post=242500"}],"version-history":[{"count":3,"href":"https:\/\/bejsment.com\/index.php\/wp-json\/wp\/v2\/posts\/242500\/revisions"}],"predecessor-version":[{"id":242520,"href":"https:\/\/bejsment.com\/index.php\/wp-json\/wp\/v2\/posts\/242500\/revisions\/242520"}],"wp:featuredmedia":[{"embeddable":true,"href":"https:\/\/bejsment.com\/index.php\/wp-json\/wp\/v2\/media\/242501"}],"wp:attachment":[{"href":"https:\/\/bejsment.com\/index.php\/wp-json\/wp\/v2\/media?parent=242500"}],"wp:term":[{"taxonomy":"category","embeddable":true,"href":"https:\/\/bejsment.com\/index.php\/wp-json\/wp\/v2\/categories?post=242500"},{"taxonomy":"post_tag","embeddable":true,"href":"https:\/\/bejsment.com\/index.php\/wp-json\/wp\/v2\/tags?post=242500"}],"curies":[{"name":"wp","href":"https:\/\/api.w.org\/{rel}","templated":true}]}}