{"id":242523,"date":"2026-04-28T19:30:37","date_gmt":"2026-04-28T23:30:37","guid":{"rendered":"https:\/\/bejsment.com\/?p=242523"},"modified":"2026-04-28T19:32:01","modified_gmt":"2026-04-28T23:32:01","slug":"25-za-godzine-nowa-propozycja-placy-minimalnej-w-usa","status":"publish","type":"post","link":"https:\/\/bejsment.com\/index.php\/2026\/04\/28\/25-za-godzine-nowa-propozycja-placy-minimalnej-w-usa\/","title":{"rendered":"$25 za godzin\u0119 &#8211; nowa propozycja p\u0142acy minimalnej w USA"},"content":{"rendered":"<h3 data-start=\"212\" data-end=\"447\">Demokratyczni cz\u0142onkowie Kongresu, w tym troje reprezentuj\u0105cych okr\u0119gi obejmuj\u0105ce cz\u0119\u015bci Chicago, zaprezentowali we wtorek projekt ustawy zak\u0142adaj\u0105cej stopniowe podniesienie federalnej p\u0142acy minimalnej do poziomu $25 za godzin\u0119.<\/h3>\n<p><img loading=\"lazy\" decoding=\"async\" class=\"size-custom-full-size wp-image-146712 aligncenter\" src=\"https:\/\/tygodnikprogram.com\/wp-content\/uploads\/2026\/04\/dreamstime_xs_79794788.jpg\" alt=\"\" width=\"480\" height=\"320\" \/><\/p>\n<p data-start=\"449\" data-end=\"598\">Nowa propozycja, nazwana <strong data-start=\"474\" data-end=\"501\">Living Wage for All Act<\/strong>, ma na celu dostosowanie wynagrodze\u0144 do reali\u00f3w rosn\u0105cych koszt\u00f3w \u017cycia w Stanach Zjednoczonych. Obecnie federalna p\u0142aca minimalna wynosi <strong>$7,25 za godzin\u0119<\/strong> i pozostaje na tym poziomie od 2009 roku. Cho\u0107 wiele stan\u00f3w \u2013 w tym Illinois \u2013 wprowadzi\u0142o wy\u017csze stawki, ustawodawcy wskazuj\u0105, \u017ce nie nad\u0105\u017caj\u0105 one za inflacj\u0105.<\/p>\n<p data-start=\"850\" data-end=\"870\">Zgodnie z projektem:<\/p>\n<ul data-start=\"871\" data-end=\"1006\">\n<li data-section-id=\"1hdvc6a\" data-start=\"871\" data-end=\"937\">wi\u0119ksze firmy mia\u0142yby osi\u0105gn\u0105\u0107 poziom $25 do 2031 roku,<\/li>\n<li data-section-id=\"g8602g\" data-start=\"938\" data-end=\"1006\">mniejsze przedsi\u0119biorstwa dosta\u0142yby wi\u0119cej czasu \u2013 do 2038 roku.<\/li>\n<\/ul>\n<p data-start=\"1008\" data-end=\"1157\">Ustawa zak\u0142ada tak\u017ce automatyczne dostosowywanie p\u0142acy minimalnej w przysz\u0142o\u015bci, tak aby by\u0142a ona zgodna z przeci\u0119tnymi wynagrodzeniami w gospodarce. Co istotne, projekt przewiduje r\u00f3wnie\u017c likwidacj\u0119 tzw. \u201esubminimum wages\u201d, czyli ni\u017cszych stawek dla pracownik\u00f3w otrzymuj\u0105cych napiwki, m\u0142odzie\u017cy oraz os\u00f3b z niepe\u0142nosprawno\u015bciami.<\/p>\n<p data-start=\"1374\" data-end=\"1420\">Projekt ustawy przedstawili m.in. kongresmeni:<\/p>\n<ul data-start=\"1421\" data-end=\"1546\">\n<li data-section-id=\"15bg0k5\" data-start=\"1421\" data-end=\"1462\"><span class=\"hover:entity-accent entity-underline inline cursor-pointer align-baseline\"><span class=\"whitespace-normal\">Jonathan Jackson<\/span><\/span><\/li>\n<li data-section-id=\"17wgcs5\" data-start=\"1463\" data-end=\"1504\"><span class=\"hover:entity-accent entity-underline inline cursor-pointer align-baseline\"><span class=\"whitespace-normal\">Jes\u00fas \u201cChuy\u201d Garc\u00eda<\/span><\/span><\/li>\n<li data-section-id=\"1gcjogl\" data-start=\"1505\" data-end=\"1546\"><span class=\"hover:entity-accent entity-underline inline cursor-pointer align-baseline\"><span class=\"whitespace-normal\">Delia Ramirez<\/span><\/span><\/li>\n<\/ul>\n<p data-start=\"1548\" data-end=\"1675\">Podczas konferencji prasowej w Waszyngtonie podkre\u015blali, \u017ce obecna p\u0142aca minimalna nie pozwala wielu Amerykanom na godne \u017cycie.<\/p>\n<p data-start=\"1677\" data-end=\"1862\">\u201eP\u0142aca minimalna nie jest dzi\u015b p\u0142ac\u0105 wystarczaj\u0105c\u0105 do \u017cycia. Je\u015bli chcemy rozwi\u0105za\u0107 kryzys koszt\u00f3w \u017cycia, musimy r\u00f3wnie\u017c zmierzy\u0107 si\u0119 z kryzysem wynagrodze\u0144\u201d \u2013 zaznaczy\u0142a Delia Ramirez.<\/p>\n<p data-start=\"1864\" data-end=\"2054\">Z kolei Jes\u00fas Garc\u00eda wskaza\u0142 na rosn\u0105c\u0105 przepa\u015b\u0107 mi\u0119dzy najbogatszymi a reszt\u0105 spo\u0142ecze\u0144stwa oraz trudno\u015bci rodzin w pokrywaniu podstawowych wydatk\u00f3w, takich jak czynsz czy opieka zdrowotna.<\/p>\n<p data-start=\"2088\" data-end=\"2247\">Na pocz\u0105tku 2026 roku najwy\u017csz\u0105 p\u0142ac\u0119 minimaln\u0105 w USA oferuje Dystrykt Kolumbii \u2013 $17,95 za godzin\u0119. W\u015br\u00f3d stan\u00f3w liderem jest Waszyngton \u2013 $17,13. W Illinois stawka minimalna wzros\u0142a stopniowo od 2019 roku i obecnie wynosi $15 za godzin\u0119 (a w Chicago jest jeszcze wy\u017csza). Mimo to oko\u0142o 20 stan\u00f3w nadal stosuje federalne minimum.<\/p>\n<p data-start=\"2469\" data-end=\"2545\">Pomys\u0142 podniesienia p\u0142acy minimalnej do $25 budzi jednak du\u017ce emocje. Krytycy, w tym eksperci ekonomiczni, ostrzegaj\u0105, \u017ce tak znacz\u0105cy wzrost mo\u017ce:<\/p>\n<ul data-start=\"2625\" data-end=\"2770\">\n<li data-section-id=\"1eboiii\" data-start=\"2625\" data-end=\"2660\">ograniczy\u0107 liczb\u0119 miejsc pracy,<\/li>\n<li data-section-id=\"14yit4o\" data-start=\"2661\" data-end=\"2707\">szczeg\u00f3lnie uderzy\u0107 w m\u0142odych pracownik\u00f3w,<\/li>\n<li data-section-id=\"1bbewz1\" data-start=\"2708\" data-end=\"2770\">zwi\u0119kszy\u0107 koszty prowadzenia dzia\u0142alno\u015bci dla ma\u0142ych firm.<\/li>\n<\/ul>\n<p data-start=\"2772\" data-end=\"2906\">Wed\u0142ug cz\u0119\u015bci analityk\u00f3w lepszym rozwi\u0105zaniem by\u0142oby obni\u017cenie koszt\u00f3w \u017cycia i stworzenie bardziej sprzyjaj\u0105cych warunk\u00f3w dla biznesu.<\/p>\n","protected":false},"excerpt":{"rendered":"<p>Demokratyczni cz\u0142onkowie Kongresu, w tym troje reprezentuj\u0105cych okr\u0119gi obejmuj\u0105ce cz\u0119\u015bci Chicago, zaprezentowali we wtorek projekt ustawy zak\u0142adaj\u0105cej stopniowe podniesienie federalnej p\u0142acy minimalnej do poziomu $25&hellip;<\/p>\n","protected":false},"author":5028,"featured_media":242524,"comment_status":"open","ping_status":"open","sticky":false,"template":"","format":"standard","meta":{"footnotes":""},"categories":[570,3],"tags":[],"class_list":["post-242523","post","type-post","status-publish","format-standard","has-post-thumbnail","hentry","category-swiat","category-top-news"],"_links":{"self":[{"href":"https:\/\/bejsment.com\/index.php\/wp-json\/wp\/v2\/posts\/242523","targetHints":{"allow":["GET"]}}],"collection":[{"href":"https:\/\/bejsment.com\/index.php\/wp-json\/wp\/v2\/posts"}],"about":[{"href":"https:\/\/bejsment.com\/index.php\/wp-json\/wp\/v2\/types\/post"}],"author":[{"embeddable":true,"href":"https:\/\/bejsment.com\/index.php\/wp-json\/wp\/v2\/users\/5028"}],"replies":[{"embeddable":true,"href":"https:\/\/bejsment.com\/index.php\/wp-json\/wp\/v2\/comments?post=242523"}],"version-history":[{"count":1,"href":"https:\/\/bejsment.com\/index.php\/wp-json\/wp\/v2\/posts\/242523\/revisions"}],"predecessor-version":[{"id":242527,"href":"https:\/\/bejsment.com\/index.php\/wp-json\/wp\/v2\/posts\/242523\/revisions\/242527"}],"wp:featuredmedia":[{"embeddable":true,"href":"https:\/\/bejsment.com\/index.php\/wp-json\/wp\/v2\/media\/242524"}],"wp:attachment":[{"href":"https:\/\/bejsment.com\/index.php\/wp-json\/wp\/v2\/media?parent=242523"}],"wp:term":[{"taxonomy":"category","embeddable":true,"href":"https:\/\/bejsment.com\/index.php\/wp-json\/wp\/v2\/categories?post=242523"},{"taxonomy":"post_tag","embeddable":true,"href":"https:\/\/bejsment.com\/index.php\/wp-json\/wp\/v2\/tags?post=242523"}],"curies":[{"name":"wp","href":"https:\/\/api.w.org\/{rel}","templated":true}]}}