{"id":242635,"date":"2026-04-30T07:00:23","date_gmt":"2026-04-30T11:00:23","guid":{"rendered":"https:\/\/bejsment.com\/?p=242635"},"modified":"2026-04-30T05:55:13","modified_gmt":"2026-04-30T09:55:13","slug":"tusk-w-sejmie-wiecie-ze-przegracie","status":"publish","type":"post","link":"https:\/\/bejsment.com\/index.php\/2026\/04\/30\/tusk-w-sejmie-wiecie-ze-przegracie\/","title":{"rendered":"Tusk w Sejmie: \u201eWiecie, \u017ce przegracie\u201d"},"content":{"rendered":"<p><img loading=\"lazy\" decoding=\"async\" class=\"aligncenter size-custom-full-size wp-image-242636\" src=\"https:\/\/bejsment.com\/wp-content\/uploads\/2026\/04\/aatusksejm-636x358.jpg\" alt=\"\" width=\"636\" height=\"358\" srcset=\"https:\/\/bejsment.com\/wp-content\/uploads\/2026\/04\/aatusksejm-636x358.jpg 636w, https:\/\/bejsment.com\/wp-content\/uploads\/2026\/04\/aatusksejm-300x169.jpg 300w, https:\/\/bejsment.com\/wp-content\/uploads\/2026\/04\/aatusksejm-768x432.jpg 768w, https:\/\/bejsment.com\/wp-content\/uploads\/2026\/04\/aatusksejm-130x73.jpg 130w, https:\/\/bejsment.com\/wp-content\/uploads\/2026\/04\/aatusksejm-250x141.jpg 250w, https:\/\/bejsment.com\/wp-content\/uploads\/2026\/04\/aatusksejm.jpg 1200w\" sizes=\"auto, (max-width: 636px) 100vw, 636px\" \/><\/p>\n<p><strong>Premier Donald Tusk ostro skrytykowa\u0142 w Sejmie dzia\u0142ania opozycji, kt\u00f3ra z\u0142o\u017cy\u0142a wnioski o wotum nieufno\u015bci wobec minister klimatu i \u015brodowiska Pauliny Hennig-Kloski oraz szefowej resortu zdrowia Jolanty Sobiera\u0144skiej-Grendy. W emocjonalnym wyst\u0105pieniu zarzuci\u0142 przeciwnikom politycznym, \u017ce ich dzia\u0142ania maj\u0105 charakter czysto politycznego spektaklu.<\/strong><\/p>\n<p>\u2014 Dobrze wida\u0107, o co tak naprawd\u0119 wam chodzi. Wiecie, \u017ce te wasze wota nieufno\u015bci niczego nie dadz\u0105. Wiecie, \u017ce przegracie to g\u0142osowanie \u2014 m\u00f3wi\u0142 szef rz\u0105du, zwracaj\u0105c si\u0119 do pos\u0142\u00f3w opozycji.<\/p>\n<p>Premier por\u00f3wna\u0142 sejmow\u0105 debat\u0119 do tzw. freak fight\u00f3w, sugeruj\u0105c, \u017ce cz\u0119\u015b\u0107 wyst\u0105pie\u0144 mia\u0142a bardziej widowiskowy ni\u017c merytoryczny charakter. Odnosz\u0105c si\u0119 m.in. do wypowiedzi Janusza Kowalskiego, stwierdzi\u0142, \u017ce przypomina\u0142y one kolejne ods\u0142ony tego typu \u201espektaklu\u201d.<\/p>\n<p>\u2014 Chcieliby\u015bcie zamieni\u0107 Sejm w wielk\u0105 klatk\u0119. Przypominacie grup\u0119 skrajnie nieodpowiedzialnych ludzi, kt\u00f3rzy \u017cycie polityczne sprowadzaj\u0105 do nieustannej walki \u2014 m\u00f3wi\u0142 Tusk.<\/p>\n<p>Szef rz\u0105du oceni\u0142 tak\u017ce, \u017ce uzasadnienie wniosk\u00f3w o wotum nieufno\u015bci by\u0142o wyj\u0105tkowo s\u0142abe. Jego zdaniem dzia\u0142ania opozycji wpisuj\u0105 si\u0119 w pr\u00f3b\u0119 eskalowania konfliktu politycznego i destabilizacji sytuacji w kraju.<\/p>\n<p>\u2014 Chcecie zamieni\u0107 Polsk\u0119, na czyje\u015b zewn\u0119trzne zam\u00f3wienie, w pole konfrontacji \u2014 powiedzia\u0142, dodaj\u0105c, \u017ce tego rodzaju retoryka prowadzi do \u201ezimnej, a czasem gor\u0105cej wojny domowej\u201d.<\/p>\n<p>Premier odni\u00f3s\u0142 si\u0119 r\u00f3wnie\u017c do personalnych atak\u00f3w pod swoim adresem. \u2014 Macie usta pe\u0142ne insynuacji. Nawet do\u015b\u0107 zabawnie zabrzmia\u0142o, kiedy zosta\u0142em nazwany \u201eniemieckim spawaczem\u201d \u2014 zauwa\u017cy\u0142.<\/p>\n<p>Wed\u0142ug Tuska rzeczywistym celem opozycji by\u0142o os\u0142abienie jedno\u015bci koalicji rz\u0105dz\u0105cej. \u2014 Zwietrzyli\u015bcie szans\u0119, \u017ce uda si\u0119 wbi\u0107 klin mi\u0119dzy partie tworz\u0105ce koalicj\u0119 15 pa\u017adziernika. Przeliczyli\u015bcie si\u0119 \u2014 podkre\u015bli\u0142.<\/p>\n<p>Premier zaznaczy\u0142, \u017ce mimo r\u00f3\u017cnic wewn\u0119trznych koalicja pozostaje zjednoczona.<\/p>\n<p>\u2014 Mo\u017cemy si\u0119 spiera\u0107, ale naprawd\u0119 chodzi nam o Polsk\u0119. To nie jest polityka jako widowisko \u2014 m\u00f3wi\u0142.<\/p>\n<p>Na zako\u0144czenie wyst\u0105pienia Tusk zapewni\u0142, \u017ce Paulina Hennig-Kloska pozostanie na stanowisku i nadal b\u0119dzie kierowa\u0107 resortem, niezale\u017cnie od \u2014 jak to okre\u015bli\u0142 \u2014 \u201eintryg i nieodpowiedzialnych atak\u00f3w\u201d opozycji.<\/p>\n","protected":false},"excerpt":{"rendered":"<p>Premier Donald Tusk ostro skrytykowa\u0142 w Sejmie dzia\u0142ania opozycji, kt\u00f3ra z\u0142o\u017cy\u0142a wnioski o wotum nieufno\u015bci wobec minister klimatu i \u015brodowiska Pauliny Hennig-Kloski oraz szefowej resortu&hellip;<\/p>\n","protected":false},"author":57,"featured_media":242636,"comment_status":"open","ping_status":"open","sticky":false,"template":"","format":"standard","meta":{"footnotes":""},"categories":[569,3],"tags":[],"class_list":["post-242635","post","type-post","status-publish","format-standard","has-post-thumbnail","hentry","category-polska","category-top-news"],"_links":{"self":[{"href":"https:\/\/bejsment.com\/index.php\/wp-json\/wp\/v2\/posts\/242635","targetHints":{"allow":["GET"]}}],"collection":[{"href":"https:\/\/bejsment.com\/index.php\/wp-json\/wp\/v2\/posts"}],"about":[{"href":"https:\/\/bejsment.com\/index.php\/wp-json\/wp\/v2\/types\/post"}],"author":[{"embeddable":true,"href":"https:\/\/bejsment.com\/index.php\/wp-json\/wp\/v2\/users\/57"}],"replies":[{"embeddable":true,"href":"https:\/\/bejsment.com\/index.php\/wp-json\/wp\/v2\/comments?post=242635"}],"version-history":[{"count":1,"href":"https:\/\/bejsment.com\/index.php\/wp-json\/wp\/v2\/posts\/242635\/revisions"}],"predecessor-version":[{"id":242637,"href":"https:\/\/bejsment.com\/index.php\/wp-json\/wp\/v2\/posts\/242635\/revisions\/242637"}],"wp:featuredmedia":[{"embeddable":true,"href":"https:\/\/bejsment.com\/index.php\/wp-json\/wp\/v2\/media\/242636"}],"wp:attachment":[{"href":"https:\/\/bejsment.com\/index.php\/wp-json\/wp\/v2\/media?parent=242635"}],"wp:term":[{"taxonomy":"category","embeddable":true,"href":"https:\/\/bejsment.com\/index.php\/wp-json\/wp\/v2\/categories?post=242635"},{"taxonomy":"post_tag","embeddable":true,"href":"https:\/\/bejsment.com\/index.php\/wp-json\/wp\/v2\/tags?post=242635"}],"curies":[{"name":"wp","href":"https:\/\/api.w.org\/{rel}","templated":true}]}}