{"id":242644,"date":"2026-04-30T14:00:41","date_gmt":"2026-04-30T18:00:41","guid":{"rendered":"https:\/\/bejsment.com\/?p=242644"},"modified":"2026-04-30T08:35:47","modified_gmt":"2026-04-30T12:35:47","slug":"prezydent-zawetowal-ustawe-o-rozwodach-pozasadowych","status":"publish","type":"post","link":"https:\/\/bejsment.com\/index.php\/2026\/04\/30\/prezydent-zawetowal-ustawe-o-rozwodach-pozasadowych\/","title":{"rendered":"Prezydent zawetowa\u0142 ustaw\u0119 o rozwodach pozas\u0105dowych"},"content":{"rendered":"<div id=\"attachment_242645\" style=\"width: 646px\" class=\"wp-caption aligncenter\"><img loading=\"lazy\" decoding=\"async\" aria-describedby=\"caption-attachment-242645\" class=\"size-custom-full-size wp-image-242645\" src=\"https:\/\/bejsment.com\/wp-content\/uploads\/2026\/04\/aamalzenstwo-636x478.jpg\" alt=\"\" width=\"636\" height=\"478\" srcset=\"https:\/\/bejsment.com\/wp-content\/uploads\/2026\/04\/aamalzenstwo-636x478.jpg 636w, https:\/\/bejsment.com\/wp-content\/uploads\/2026\/04\/aamalzenstwo-300x225.jpg 300w, https:\/\/bejsment.com\/wp-content\/uploads\/2026\/04\/aamalzenstwo-768x577.jpg 768w, https:\/\/bejsment.com\/wp-content\/uploads\/2026\/04\/aamalzenstwo-97x73.jpg 97w, https:\/\/bejsment.com\/wp-content\/uploads\/2026\/04\/aamalzenstwo-250x188.jpg 250w, https:\/\/bejsment.com\/wp-content\/uploads\/2026\/04\/aamalzenstwo.jpg 960w\" sizes=\"auto, (max-width: 636px) 100vw, 636px\" \/><p id=\"caption-attachment-242645\" class=\"wp-caption-text\">Ma\u0142\u017ce\u0144stwo nie jest wpisem w rejestrze, lecz jedn\u0105 z podstawowych instytucji \u017cycia spo\u0142ecznego \u2013 zaznaczy\u0142 Prezydent.<\/p><\/div>\n<p><strong>Prezydent Karol Nawrocki podpisa\u0142 w \u015brod\u0119 trzy ustawy, a dwie zawetowa\u0142, w tym projekt wprowadzaj\u0105cy mo\u017cliwo\u015b\u0107 rozwod\u00f3w pozas\u0105dowych. O swojej decyzji poinformowa\u0142 w nagraniu opublikowanym przez Kancelari\u0119 Prezydenta RP w serwisie X.<\/strong><\/p>\n<p>Uzasadniaj\u0105c weto, prezydent podkre\u015bli\u0142, \u017ce ma\u0142\u017ce\u0144stwo nie jest jedynie formalnym wpisem w rejestrze, lecz jedn\u0105 z podstawowych instytucji \u017cycia spo\u0142ecznego.<\/p>\n<p>\u2014 To fundament rodziny, wychowania dzieci i trwania wsp\u00f3lnoty narodowej. Proponowane zmiany nie maj\u0105 charakteru technicznego \u2014 obni\u017caj\u0105 rang\u0119 instytucji chronionej przez konstytucj\u0119 \u2014 zaznaczy\u0142.<\/p>\n<p>Jak wskaza\u0142 Karol Nawrocki, ochrona ma\u0142\u017ce\u0144stwa nie polega na u\u0142atwianiu rozstania, lecz na wspieraniu jego trwa\u0142o\u015bci mimo trudno\u015bci. Zwr\u00f3ci\u0142 uwag\u0119, \u017ce projekt ustawy przewidywa\u0142 mo\u017cliwo\u015b\u0107 rozwi\u0105zania ma\u0142\u017ce\u0144stwa przed urz\u0119dnikiem stanu cywilnego, bez udzia\u0142u s\u0105du.<\/p>\n<p>\u2014 Decyzja s\u0105du o zako\u0144czeniu ma\u0142\u017ce\u0144stwa nie jest formalno\u015bci\u0105. To gwarancja, \u017ce decyzja o rozwodzie jest przemy\u015blana i nie krzywdzi \u017cadnej ze stron \u2014 podkre\u015bli\u0142. W jego ocenie tylko s\u0105d jest w stanie uwzgl\u0119dni\u0107 z\u0142o\u017cono\u015b\u0107 sytuacji \u017cyciowej ma\u0142\u017conk\u00f3w, czego nie zapewnia uproszczona procedura administracyjna.<\/p>\n<p>Prezydent zwr\u00f3ci\u0142 r\u00f3wnie\u017c uwag\u0119 na zapisy r\u00f3\u017cnicuj\u0105ce tryb rozwodu w zale\u017cno\u015bci od tego, czy ma\u0142\u017conkowie maj\u0105 dzieci. Jak m\u00f3wi\u0142, zgodnie z projektem pary bezdzietne mog\u0142yby rozsta\u0107 si\u0119 ju\u017c po roku zwi\u0105zku przed urz\u0119dnikiem, podczas gdy ma\u0142\u017ce\u0144stwa wychowuj\u0105ce dzieci musia\u0142yby korzysta\u0107 z drogi s\u0105dowej.<\/p>\n<p>\u2014 Taka procedura mo\u017ce prowadzi\u0107 do traktowania ma\u0142\u017ce\u0144stwa jako zwi\u0105zku tymczasowego \u2014 oceni\u0142, wskazuj\u0105c, \u017ce decyzja o posiadaniu dzieci mog\u0142aby sta\u0107 si\u0119 czynnikiem utrudniaj\u0105cym rozwi\u0105zanie zwi\u0105zku, co \u2014 jego zdaniem \u2014 jest spo\u0142ecznie niekorzystne.<\/p>\n<p>Odnosz\u0105c si\u0119 do sytuacji demograficznej, Karol Nawrocki podkre\u015bli\u0142, \u017ce Polska mierzy si\u0119 z powa\u017cnym kryzysem w tym obszarze, dlatego pa\u0144stwo powinno wzmacnia\u0107 trwa\u0142o\u015b\u0107 rodzin i wspiera\u0107 decyzje o rodzicielstwie, zamiast wprowadza\u0107 rozwi\u0105zania mog\u0105ce je os\u0142abia\u0107.<\/p>\n<p>Prezydent przywo\u0142a\u0142 dane wskazuj\u0105ce, \u017ce zdecydowana wi\u0119kszo\u015b\u0107 dzieci w Polsce rodzi si\u0119 w ma\u0142\u017ce\u0144stwach, a wska\u017anik dzietno\u015bci w tych zwi\u0105zkach jest wy\u017cszy ni\u017c \u015brednia krajowa.<\/p>\n<p>\u2014 Mniej trwa\u0142ych ma\u0142\u017ce\u0144stw i wi\u0119ksza liczba rozwod\u00f3w oznaczaj\u0105 spadek liczby urodze\u0144 \u2014 zaznaczy\u0142.<\/p>\n<p>Krytycznie odni\u00f3s\u0142 si\u0119 tak\u017ce do argument\u00f3w ekonomicznych towarzysz\u0105cych projektowi. W jego ocenie przewidywane dodatkowe wp\u0142ywy do bud\u017cet\u00f3w gmin \u2014 szacowane na oko\u0142o 14,5 mln z\u0142 rocznie \u2014 s\u0105 niewsp\u00f3\u0142mierne do potencjalnych skutk\u00f3w spo\u0142ecznych.<\/p>\n<p>\u2014 Czy kilkaset z\u0142otych miesi\u0119cznie dla gminy powinno przes\u0105dza\u0107 o tak istotnej zmianie? \u2014 pyta\u0142.<\/p>\n<p>Prezydent zakwestionowa\u0142 r\u00f3wnie\u017c argument o odci\u0105\u017ceniu s\u0105d\u00f3w.<\/p>\n<p>\u2014 Nie mo\u017cna rezygnowa\u0107 z funkcji ochronnej wymiaru sprawiedliwo\u015bci wobec rodziny tylko po to, by skr\u00f3ci\u0107 kolejki \u2014 o\u015bwiadczy\u0142.<\/p>\n<p>Na zako\u0144czenie Karol Nawrocki odwo\u0142a\u0142 si\u0119 do konstytucyjnej ochrony ma\u0142\u017ce\u0144stwa, wskazuj\u0105c na art. 18 Konstytucja RP.<\/p>\n<p>\u2014 Ma\u0142\u017ce\u0144stwo nie jest scen\u0105 filmow\u0105 ani chwilow\u0105 decyzj\u0105. To instytucja wymagaj\u0105ca szczeg\u00f3lnej troski pa\u0144stwa \u2014 podsumowa\u0142.<\/p>\n<blockquote class=\"twitter-tweet\" data-width=\"550\" data-dnt=\"true\">\n<p lang=\"pl\" dir=\"ltr\">O\u015bwiadczenie Prezydenta RP Karola Nawrockiego. <a href=\"https:\/\/t.co\/Fbp2TQjEts\">pic.twitter.com\/Fbp2TQjEts<\/a><\/p>\n<p>&mdash; Kancelaria Prezydenta RP (@prezydentpl) <a href=\"https:\/\/twitter.com\/prezydentpl\/status\/2049799241141301314?ref_src=twsrc%5Etfw\">April 30, 2026<\/a><\/p><\/blockquote>\n<p><script async src=\"https:\/\/platform.twitter.com\/widgets.js\" charset=\"utf-8\"><\/script><\/p>\n","protected":false},"excerpt":{"rendered":"<p>Prezydent Karol Nawrocki podpisa\u0142 w \u015brod\u0119 trzy ustawy, a dwie zawetowa\u0142, w tym projekt wprowadzaj\u0105cy mo\u017cliwo\u015b\u0107 rozwod\u00f3w pozas\u0105dowych. O swojej decyzji poinformowa\u0142 w nagraniu opublikowanym&hellip;<\/p>\n","protected":false},"author":57,"featured_media":242647,"comment_status":"open","ping_status":"open","sticky":false,"template":"","format":"standard","meta":{"footnotes":""},"categories":[569,3],"tags":[],"class_list":["post-242644","post","type-post","status-publish","format-standard","has-post-thumbnail","hentry","category-polska","category-top-news"],"_links":{"self":[{"href":"https:\/\/bejsment.com\/index.php\/wp-json\/wp\/v2\/posts\/242644","targetHints":{"allow":["GET"]}}],"collection":[{"href":"https:\/\/bejsment.com\/index.php\/wp-json\/wp\/v2\/posts"}],"about":[{"href":"https:\/\/bejsment.com\/index.php\/wp-json\/wp\/v2\/types\/post"}],"author":[{"embeddable":true,"href":"https:\/\/bejsment.com\/index.php\/wp-json\/wp\/v2\/users\/57"}],"replies":[{"embeddable":true,"href":"https:\/\/bejsment.com\/index.php\/wp-json\/wp\/v2\/comments?post=242644"}],"version-history":[{"count":1,"href":"https:\/\/bejsment.com\/index.php\/wp-json\/wp\/v2\/posts\/242644\/revisions"}],"predecessor-version":[{"id":242648,"href":"https:\/\/bejsment.com\/index.php\/wp-json\/wp\/v2\/posts\/242644\/revisions\/242648"}],"wp:featuredmedia":[{"embeddable":true,"href":"https:\/\/bejsment.com\/index.php\/wp-json\/wp\/v2\/media\/242647"}],"wp:attachment":[{"href":"https:\/\/bejsment.com\/index.php\/wp-json\/wp\/v2\/media?parent=242644"}],"wp:term":[{"taxonomy":"category","embeddable":true,"href":"https:\/\/bejsment.com\/index.php\/wp-json\/wp\/v2\/categories?post=242644"},{"taxonomy":"post_tag","embeddable":true,"href":"https:\/\/bejsment.com\/index.php\/wp-json\/wp\/v2\/tags?post=242644"}],"curies":[{"name":"wp","href":"https:\/\/api.w.org\/{rel}","templated":true}]}}