{"id":242669,"date":"2026-04-30T10:06:17","date_gmt":"2026-04-30T14:06:17","guid":{"rendered":"https:\/\/bejsment.com\/?p=242669"},"modified":"2026-04-30T10:11:33","modified_gmt":"2026-04-30T14:11:33","slug":"krol-karol-iii-przypomnial-prezydentowi-trumpowi-ze-jest-glowa-panstwa-kanady","status":"publish","type":"post","link":"https:\/\/bejsment.com\/index.php\/2026\/04\/30\/krol-karol-iii-przypomnial-prezydentowi-trumpowi-ze-jest-glowa-panstwa-kanady\/","title":{"rendered":"Kr\u00f3l Karol III przypomnia\u0142 prezydentowi Trumpowi, \u017ce jest g\u0142ow\u0105 pa\u0144stwa Kanady"},"content":{"rendered":"<p><a href=\"https:\/\/bejsment.com\/wp-content\/uploads\/2026\/04\/Screenshot_20260430_100447_Google.jpg\"><img loading=\"lazy\" decoding=\"async\" class=\"aligncenter size-custom-full-size wp-image-242670\" src=\"https:\/\/bejsment.com\/wp-content\/uploads\/2026\/04\/Screenshot_20260430_100447_Google-636x402.jpg\" alt=\"\" width=\"636\" height=\"402\" srcset=\"https:\/\/bejsment.com\/wp-content\/uploads\/2026\/04\/Screenshot_20260430_100447_Google-636x402.jpg 636w, https:\/\/bejsment.com\/wp-content\/uploads\/2026\/04\/Screenshot_20260430_100447_Google-300x190.jpg 300w, https:\/\/bejsment.com\/wp-content\/uploads\/2026\/04\/Screenshot_20260430_100447_Google-768x486.jpg 768w, https:\/\/bejsment.com\/wp-content\/uploads\/2026\/04\/Screenshot_20260430_100447_Google-85x55.jpg 85w, https:\/\/bejsment.com\/wp-content\/uploads\/2026\/04\/Screenshot_20260430_100447_Google-115x73.jpg 115w, https:\/\/bejsment.com\/wp-content\/uploads\/2026\/04\/Screenshot_20260430_100447_Google-250x158.jpg 250w, https:\/\/bejsment.com\/wp-content\/uploads\/2026\/04\/Screenshot_20260430_100447_Google.jpg 814w\" sizes=\"auto, (max-width: 636px) 100vw, 636px\" \/><\/a>Podczas uroczystej kolacji pa\u0144stwowej w Bia\u0142ym Domu we wtorek wieczorem kr\u00f3l Karol III w humorystyczny, lecz wyra\u017any spos\u00f3b przypomnia\u0142 prezydentowi Donaldowi Trumpowi o swojej roli jako g\u0142owy pa\u0144stwa Kanady. Wydarzenie to sta\u0142o si\u0119 jednym z najbardziej komentowanych moment\u00f3w pierwszej pa\u0144stwowej wizyty brytyjskiego monarchy w Stanach Zjednoczonych.<\/p>\n<p>Od czasu powrotu Donalda Trumpa do Bia\u0142ego Domu prezydent kilkukrotnie nazywa\u0142 Kanad\u0119\u00a0 potencjalnym \u201e51. stanem\u201d i zwraca\u0142 si\u0119 do kanadyjskich premier\u00f3w per \u201egovernor\u201d.<\/p>\n<p>W tym kontek\u015bcie s\u0142owa kr\u00f3la Karola III nabra\u0142y szczeg\u00f3lnego znaczenia. Monarcha, kt\u00f3ry formalnie pozostaje g\u0142ow\u0105 pa\u0144stwa Kanady, Australii, Nowej Zelandii i kilku innych kraj\u00f3w Wsp\u00f3lnoty Narod\u00f3w, zdecydowa\u0142 si\u0119 delikatnie zaznaczy\u0107 swoj\u0105 pozycj\u0119.<\/p>\n<p>Podczas przem\u00f3wienia nawi\u0105zuj\u0105cego do zbli\u017caj\u0105cego si\u0119 turnieju pi\u0142karskich mistrzostw \u015bwiata FIFA 2026, kt\u00f3ry b\u0119dzie wsp\u00f3\u0142organizowany przez Kanad\u0119, Stany Zjednoczone i Meksyk, kr\u00f3l powiedzia\u0142:<\/p>\n<p>\u201eZa kilka tygodni Stany Zjednoczone i Kanada znajd\u0105 si\u0119 w\u015br\u00f3d pa\u0144stw, kt\u00f3re powitaj\u0105 \u015bwiat jako gospodarze Mistrzostw \u015awiata FIFA\u201d \u2013 powiedzia\u0142 Charles, patrz\u0105c na Trumpa. \u201eW pewnym sensie, Panie Prezydencie, jako g\u0142owy pa\u0144stw jeste\u015bmy wsp\u00f3\u0142gospodarzami\u201d.<\/p>\n<p>Powiedzia\u0142 r\u00f3wnie\u017c: ,Mog\u0119 tylko powiedzie\u0107, jako g\u0142owa pa\u0144stwa pi\u0119ciu kraj\u00f3w bior\u0105cych udzia\u0142 w mistrzostwach, \u017ce b\u0119d\u0119 \u015bledzi\u0142 mecze z wielkim entuzjazmem.\u201d<\/p>\n<p>Te zdania zosta\u0142y szeroko odebrane jako subtelny \u017cart pod adresem Trumpa. Kr\u00f3l podkre\u015bli\u0142 w ten spos\u00f3b, \u017ce Kanada jest suwerennym pa\u0144stwem, kt\u00f3rego g\u0142ow\u0105 pozostaje on sam, a nie prezydent Stan\u00f3w Zjednoczonych. Wielu komentator\u00f3w doceni\u0142o brytyjski styl \u2013 po\u0142\u0105czenie taktu, humoru i dyskretnego przypomnienia o konstytucyjnych realiach.<\/p>\n","protected":false},"excerpt":{"rendered":"<p>Podczas uroczystej kolacji pa\u0144stwowej w Bia\u0142ym Domu we wtorek wieczorem kr\u00f3l Karol III w humorystyczny, lecz wyra\u017any spos\u00f3b przypomnia\u0142 prezydentowi Donaldowi Trumpowi o swojej roli&hellip;<\/p>\n","protected":false},"author":700,"featured_media":242671,"comment_status":"open","ping_status":"open","sticky":false,"template":"","format":"standard","meta":{"footnotes":""},"categories":[570,3],"tags":[],"class_list":["post-242669","post","type-post","status-publish","format-standard","has-post-thumbnail","hentry","category-swiat","category-top-news"],"_links":{"self":[{"href":"https:\/\/bejsment.com\/index.php\/wp-json\/wp\/v2\/posts\/242669","targetHints":{"allow":["GET"]}}],"collection":[{"href":"https:\/\/bejsment.com\/index.php\/wp-json\/wp\/v2\/posts"}],"about":[{"href":"https:\/\/bejsment.com\/index.php\/wp-json\/wp\/v2\/types\/post"}],"author":[{"embeddable":true,"href":"https:\/\/bejsment.com\/index.php\/wp-json\/wp\/v2\/users\/700"}],"replies":[{"embeddable":true,"href":"https:\/\/bejsment.com\/index.php\/wp-json\/wp\/v2\/comments?post=242669"}],"version-history":[{"count":3,"href":"https:\/\/bejsment.com\/index.php\/wp-json\/wp\/v2\/posts\/242669\/revisions"}],"predecessor-version":[{"id":242674,"href":"https:\/\/bejsment.com\/index.php\/wp-json\/wp\/v2\/posts\/242669\/revisions\/242674"}],"wp:featuredmedia":[{"embeddable":true,"href":"https:\/\/bejsment.com\/index.php\/wp-json\/wp\/v2\/media\/242671"}],"wp:attachment":[{"href":"https:\/\/bejsment.com\/index.php\/wp-json\/wp\/v2\/media?parent=242669"}],"wp:term":[{"taxonomy":"category","embeddable":true,"href":"https:\/\/bejsment.com\/index.php\/wp-json\/wp\/v2\/categories?post=242669"},{"taxonomy":"post_tag","embeddable":true,"href":"https:\/\/bejsment.com\/index.php\/wp-json\/wp\/v2\/tags?post=242669"}],"curies":[{"name":"wp","href":"https:\/\/api.w.org\/{rel}","templated":true}]}}