{"id":242733,"date":"2026-05-01T07:00:01","date_gmt":"2026-05-01T11:00:01","guid":{"rendered":"https:\/\/bejsment.com\/?p=242733"},"modified":"2026-05-01T04:35:14","modified_gmt":"2026-05-01T08:35:14","slug":"prezydent-mianowal-nowych-generalow-i-admirala","status":"publish","type":"post","link":"https:\/\/bejsment.com\/index.php\/2026\/05\/01\/prezydent-mianowal-nowych-generalow-i-admirala\/","title":{"rendered":"Prezydent mianowa\u0142 nowych genera\u0142\u00f3w i admira\u0142a"},"content":{"rendered":"<p><img loading=\"lazy\" decoding=\"async\" class=\"aligncenter size-custom-full-size wp-image-242735\" src=\"https:\/\/bejsment.com\/wp-content\/uploads\/2026\/05\/aakarolnawrocki-636x477.jpg\" alt=\"\" width=\"636\" height=\"477\" srcset=\"https:\/\/bejsment.com\/wp-content\/uploads\/2026\/05\/aakarolnawrocki-636x477.jpg 636w, https:\/\/bejsment.com\/wp-content\/uploads\/2026\/05\/aakarolnawrocki-300x225.jpg 300w, https:\/\/bejsment.com\/wp-content\/uploads\/2026\/05\/aakarolnawrocki-768x576.jpg 768w, https:\/\/bejsment.com\/wp-content\/uploads\/2026\/05\/aakarolnawrocki-97x73.jpg 97w, https:\/\/bejsment.com\/wp-content\/uploads\/2026\/05\/aakarolnawrocki-250x188.jpg 250w, https:\/\/bejsment.com\/wp-content\/uploads\/2026\/05\/aakarolnawrocki.jpg 960w\" sizes=\"auto, (max-width: 636px) 100vw, 636px\" \/><\/p>\n<p><strong>Prezydent Karol Nawrocki, na wniosek ministra obrony narodowej W\u0142adys\u0142awa Kosiniaka-Kamysza, mianowa\u0142 oficer\u00f3w Wojsko Polskie na stopnie generalskie i admiralskie \u2014 poinformowa\u0142o Biuro Bezpiecze\u0144stwa Narodowego.<\/strong><\/p>\n<p>Jak wskazano, decyzja zosta\u0142a podj\u0119ta na podstawie art. 134 ust. 5 Konstytucji Rzeczypospolitej Polskiej. Uroczysto\u015b\u0107 wr\u0119czenia akt\u00f3w mianowania zaplanowano na 2 maja, w Dzie\u0144 Flagi Pa\u0144stwowej, na dziedzi\u0144cu Pa\u0142acu Prezydenckiego.<\/p>\n<p>Na stopie\u0144 genera\u0142a dywizji mianowani zostali:<\/p>\n<ul>\n<li>gen. bryg. Dariusz Lewandowski, dow\u00f3dca 18. Dywizji Zmechanizowanej;<\/li>\n<li>gen. bryg. Micha\u0142 Strzelecki, dow\u00f3dca Komponentu Wojsk Specjalnych.<\/li>\n<\/ul>\n<p>Na stopie\u0144 genera\u0142a brygady mianowani zostali:<\/p>\n<ul>\n<li>p\u0142k Dariusz Dr\u00f3\u017cd\u017c, dow\u00f3dca 20. Brygady Zmechanizowanej;<\/li>\n<li>p\u0142k Krzysztof Duda, dow\u00f3dca 12. Brygady Zmechanizowanej;<\/li>\n<li>p\u0142k Marcin Dusza, dow\u00f3dca 21. Brygady Strzelc\u00f3w Podhala\u0144skich;<\/li>\n<li>p\u0142k Piotr Go\u0142os, dow\u00f3dca 25. Brygady Kawalerii Powietrznej;<\/li>\n<li>p\u0142k Jaros\u0142aw Kowalski, pierwszy zast\u0119pca dow\u00f3dcy Wojsk Obrony Terytorialnej;<\/li>\n<li>p\u0142k Andrzej Kupis, szef Zarz\u0105du Wojsk Rakietowych i Artylerii;<\/li>\n<li>p\u0142k Andrzej Lis, zast\u0119pca dow\u00f3dcy Transformacji i Szkolenia Si\u0142 Zbrojnych;<\/li>\n<li>p\u0142k Piotr M\u0119czy\u0144ski, dow\u00f3dca 18. Brygady Artylerii;<\/li>\n<li>p\u0142k Robert Polak, zast\u0119pca szefa Zarz\u0105du Szkolenia P7.<\/li>\n<\/ul>\n<p>Na stopie\u0144 kontradmira\u0142a mianowany zosta\u0142:<\/p>\n<ul>\n<li>kmdr Przemys\u0142aw Kara\u015b, zast\u0119pca dow\u00f3dcy Centrum Operacji Morskich i zast\u0119pca dow\u00f3dcy Komponentu Morskiego.<\/li>\n<\/ul>\n<p>R\u00f3wnolegle awanse przyznano tak\u017ce w Pa\u0144stwowej Stra\u017cy Po\u017carnej. Stopie\u0144 nadbrygadiera otrzymaj\u0105:<\/p>\n<ul>\n<li>st. bryg. S\u0142awomir Sierpatowski, zast\u0119pca komendanta g\u0142\u00f3wnego PSP;<\/li>\n<li>st. bryg. Zenon Pisiewicz, lubelski komendant wojew\u00f3dzki PSP.<\/li>\n<\/ul>\n<p>Uroczysto\u015b\u0107 wr\u0119czenia tych nominacji odb\u0119dzie si\u0119 2 maja na placu Pi\u0142sudskiego w Warszawie.<\/p>\n<p>Decyzje awansowe zapad\u0142y po okresie napi\u0119\u0107 mi\u0119dzy Pa\u0142acem Prezydenckim a Ministerstwem Obrony Narodowej. Zgodnie z obowi\u0105zuj\u0105c\u0105 procedur\u0105 minister obrony narodowej przedstawia wniosek, a prezydent \u2014 jako zwierzchnik Si\u0142 Zbrojnych \u2014 nadaje stopnie generalskie i admiralskie. W praktyce proces ten wymaga wsp\u00f3\u0142pracy resortu obrony, Biura Bezpiecze\u0144stwa Narodowego oraz Kancelarii Prezydenta.<\/p>\n<p>Wed\u0142ug informacji podawanych przez Radio Eska prze\u0142om w rozmowach mia\u0142 nast\u0105pi\u0107 po odej\u015bciu S\u0142awomira Cenckiewicza z funkcji szefa BBN. Jego dzia\u0142alno\u015b\u0107 by\u0142a postrzegana jako konfrontacyjna wobec rz\u0105du i MON. Zmiany personalne w otoczeniu prezydenta mia\u0142y u\u0142atwi\u0107 powr\u00f3t do bardziej pragmatycznych rozm\u00f3w w sprawach dotycz\u0105cych wojska.<\/p>\n<p>Jak podkre\u015blono, nie oznacza to zako\u0144czenia spor\u00f3w politycznych, ale wskazuje, \u017ce w obszarze bezpiecze\u0144stwa pa\u0144stwa mo\u017cliwe jest osi\u0105ganie kompromis\u00f3w.<\/p>\n","protected":false},"excerpt":{"rendered":"<p>Prezydent Karol Nawrocki, na wniosek ministra obrony narodowej W\u0142adys\u0142awa Kosiniaka-Kamysza, mianowa\u0142 oficer\u00f3w Wojsko Polskie na stopnie generalskie i admiralskie \u2014 poinformowa\u0142o Biuro Bezpiecze\u0144stwa Narodowego. Jak&hellip;<\/p>\n","protected":false},"author":57,"featured_media":242734,"comment_status":"open","ping_status":"open","sticky":false,"template":"","format":"standard","meta":{"footnotes":""},"categories":[569,3],"tags":[],"class_list":["post-242733","post","type-post","status-publish","format-standard","has-post-thumbnail","hentry","category-polska","category-top-news"],"_links":{"self":[{"href":"https:\/\/bejsment.com\/index.php\/wp-json\/wp\/v2\/posts\/242733","targetHints":{"allow":["GET"]}}],"collection":[{"href":"https:\/\/bejsment.com\/index.php\/wp-json\/wp\/v2\/posts"}],"about":[{"href":"https:\/\/bejsment.com\/index.php\/wp-json\/wp\/v2\/types\/post"}],"author":[{"embeddable":true,"href":"https:\/\/bejsment.com\/index.php\/wp-json\/wp\/v2\/users\/57"}],"replies":[{"embeddable":true,"href":"https:\/\/bejsment.com\/index.php\/wp-json\/wp\/v2\/comments?post=242733"}],"version-history":[{"count":1,"href":"https:\/\/bejsment.com\/index.php\/wp-json\/wp\/v2\/posts\/242733\/revisions"}],"predecessor-version":[{"id":242736,"href":"https:\/\/bejsment.com\/index.php\/wp-json\/wp\/v2\/posts\/242733\/revisions\/242736"}],"wp:featuredmedia":[{"embeddable":true,"href":"https:\/\/bejsment.com\/index.php\/wp-json\/wp\/v2\/media\/242734"}],"wp:attachment":[{"href":"https:\/\/bejsment.com\/index.php\/wp-json\/wp\/v2\/media?parent=242733"}],"wp:term":[{"taxonomy":"category","embeddable":true,"href":"https:\/\/bejsment.com\/index.php\/wp-json\/wp\/v2\/categories?post=242733"},{"taxonomy":"post_tag","embeddable":true,"href":"https:\/\/bejsment.com\/index.php\/wp-json\/wp\/v2\/tags?post=242733"}],"curies":[{"name":"wp","href":"https:\/\/api.w.org\/{rel}","templated":true}]}}