{"id":242765,"date":"2026-05-01T18:00:57","date_gmt":"2026-05-01T22:00:57","guid":{"rendered":"https:\/\/bejsment.com\/?p=242765"},"modified":"2026-05-01T10:18:22","modified_gmt":"2026-05-01T14:18:22","slug":"daniel-obajtek-alarmuje-pieniadze-z-orlenu-dla-zagranicznych-emerytow","status":"publish","type":"post","link":"https:\/\/bejsment.com\/index.php\/2026\/05\/01\/daniel-obajtek-alarmuje-pieniadze-z-orlenu-dla-zagranicznych-emerytow\/","title":{"rendered":"Daniel Obajtek alarmuje &#8211; pieni\u0105dze z Orlenu dla zagranicznych emeryt\u00f3w"},"content":{"rendered":"<p><img loading=\"lazy\" decoding=\"async\" class=\"aligncenter size-custom-full-size wp-image-242766\" src=\"https:\/\/bejsment.com\/wp-content\/uploads\/2026\/05\/aaorlenobajtek-636x477.jpg\" alt=\"\" width=\"636\" height=\"477\" srcset=\"https:\/\/bejsment.com\/wp-content\/uploads\/2026\/05\/aaorlenobajtek-636x477.jpg 636w, https:\/\/bejsment.com\/wp-content\/uploads\/2026\/05\/aaorlenobajtek-300x225.jpg 300w, https:\/\/bejsment.com\/wp-content\/uploads\/2026\/05\/aaorlenobajtek-768x576.jpg 768w, https:\/\/bejsment.com\/wp-content\/uploads\/2026\/05\/aaorlenobajtek-97x73.jpg 97w, https:\/\/bejsment.com\/wp-content\/uploads\/2026\/05\/aaorlenobajtek-250x188.jpg 250w, https:\/\/bejsment.com\/wp-content\/uploads\/2026\/05\/aaorlenobajtek.jpg 960w\" sizes=\"auto, (max-width: 636px) 100vw, 636px\" \/><\/p>\n<p><strong>Daniel Obajtek ostrzeg\u0142 przed planowan\u0105 przez Orlen wysok\u0105 wyp\u0142at\u0105 dywidendy. Zdaniem europos\u0142a \u015brodki te powinny zosta\u0107 przeznaczone na rozw\u00f3j koncernu, a nie na transfer do akcjonariuszy.<\/strong><\/p>\n<p>W rozmowie z Krzysztofem Skowro\u0144skim na antenie Radia Wnet, Daniel Obajtek odni\u00f3s\u0142 si\u0119 do sytuacji na rynku paliw oraz bezpiecze\u0144stwa energetycznego Polski. Jak podkre\u015bli\u0142, dzi\u0119ki dywersyfikacji dostaw i inwestycjom realizowanym w czasie, gdy kierowa\u0142 Orlenem, kraj nie powinien mie\u0107 problem\u00f3w z dost\u0119pem do ropy i gazu \u2014 o ile, jak zaznaczy\u0142, nie dojdzie do ingerencji rz\u0105du w mechanizmy cenowe.<\/p>\n<p>Eurodeputowany skrytykowa\u0142 tak\u017ce polityk\u0119 klimatyczn\u0105 w Europie, ostrzegaj\u0105c przed mo\u017cliwymi niedoborami paliw w przysz\u0142o\u015bci.<\/p>\n<p>Najwi\u0119cej uwagi po\u015bwi\u0119ci\u0142 jednak planowanej dywidendzie.<\/p>\n<p>\u2014 To s\u0105 ruchy szale\u0144c\u00f3w \u2014 oceni\u0142 Daniel Obajtek, odnosz\u0105c si\u0119 do rekomendacji obecnych w\u0142adz Orlenu dotycz\u0105cej wyp\u0142aty nawet 8 miliard\u00f3w z\u0142otych.<\/p>\n<p>Jak zaznaczy\u0142, strategia sp\u00f3\u0142ki powinna zak\u0142ada\u0107 r\u00f3wnowag\u0119 mi\u0119dzy interesem akcjonariuszy a inwestycjami w rozw\u00f3j.<\/p>\n<p>\u2014 Biznes Orlenu ma przede wszystkim zabezpiecza\u0107 Polsk\u0119 energetycznie, a nie by\u0107 elementem politycznego spektaklu \u2014 podkre\u015bli\u0142.<\/p>\n<p>Daniel Obajtek przypomnia\u0142, \u017ce w czasie jego zarz\u0105dzania koncernem dywidenda by\u0142a znacznie ni\u017csza i wynosi\u0142a od 2 do 4 z\u0142otych na akcj\u0119.<\/p>\n<p>\u2014 W strategii przewidywano poziom oko\u0142o 4 z\u0142otych, co by\u0142o rozwi\u0105zaniem rozs\u0105dnym \u2014 doda\u0142.<\/p>\n<p>Zdaniem by\u0142ego prezesa tak wysoka wyp\u0142ata mo\u017ce prowadzi\u0107 do sztucznego wzrostu warto\u015bci akcji i jednoczesnego os\u0142abienia potencja\u0142u inwestycyjnego sp\u00f3\u0142ki.<\/p>\n<p>\u2014 To jest wyprowadzanie ze sp\u00f3\u0142ki ogromnych \u015brodk\u00f3w \u2014 oceni\u0142.<\/p>\n<p>Polityk zwr\u00f3ci\u0142 uwag\u0119, \u017ce znaczna cz\u0119\u015b\u0107 dywidendy trafi nie tylko do polskiego bud\u017cetu, lecz tak\u017ce do zagranicznych inwestor\u00f3w.<\/p>\n<p>\u2014 Cz\u0119\u015b\u0107 tych pieni\u0119dzy zasili systemy emerytalne w Norwegii czy Stanach Zjednoczonych, poniewa\u017c akcje sp\u00f3\u0142ki znajduj\u0105 si\u0119 w r\u0119kach mi\u0119dzynarodowych funduszy \u2014 powiedzia\u0142.<\/p>\n<p>Daniel Obajtek zaznaczy\u0142, \u017ce nie sprzeciwia si\u0119 samej idei wyp\u0142acania dywidendy, jednak \u2014 jego zdaniem \u2014 powinna by\u0107 ona dostosowana do mo\u017cliwo\u015bci sp\u00f3\u0142ki i jej plan\u00f3w inwestycyjnych. Jak wskaza\u0142, \u015brodki te mog\u0142yby zosta\u0107 przeznaczone m.in. na rozw\u00f3j sektora rafineryjnego, petrochemicznego oraz na akwizycje.<\/p>\n<p>\u2014 Je\u017celi skonsumujemy kapita\u0142, kt\u00f3ry zosta\u0142 wypracowany, trudno b\u0119dzie zbudowa\u0107 kolejne \u017ar\u00f3d\u0142a wzrostu \u2014 podsumowa\u0142.<\/p>\n","protected":false},"excerpt":{"rendered":"<p>Daniel Obajtek ostrzeg\u0142 przed planowan\u0105 przez Orlen wysok\u0105 wyp\u0142at\u0105 dywidendy. Zdaniem europos\u0142a \u015brodki te powinny zosta\u0107 przeznaczone na rozw\u00f3j koncernu, a nie na transfer do&hellip;<\/p>\n","protected":false},"author":57,"featured_media":242767,"comment_status":"open","ping_status":"open","sticky":false,"template":"","format":"standard","meta":{"footnotes":""},"categories":[569],"tags":[],"class_list":["post-242765","post","type-post","status-publish","format-standard","has-post-thumbnail","hentry","category-polska"],"_links":{"self":[{"href":"https:\/\/bejsment.com\/index.php\/wp-json\/wp\/v2\/posts\/242765","targetHints":{"allow":["GET"]}}],"collection":[{"href":"https:\/\/bejsment.com\/index.php\/wp-json\/wp\/v2\/posts"}],"about":[{"href":"https:\/\/bejsment.com\/index.php\/wp-json\/wp\/v2\/types\/post"}],"author":[{"embeddable":true,"href":"https:\/\/bejsment.com\/index.php\/wp-json\/wp\/v2\/users\/57"}],"replies":[{"embeddable":true,"href":"https:\/\/bejsment.com\/index.php\/wp-json\/wp\/v2\/comments?post=242765"}],"version-history":[{"count":1,"href":"https:\/\/bejsment.com\/index.php\/wp-json\/wp\/v2\/posts\/242765\/revisions"}],"predecessor-version":[{"id":242768,"href":"https:\/\/bejsment.com\/index.php\/wp-json\/wp\/v2\/posts\/242765\/revisions\/242768"}],"wp:featuredmedia":[{"embeddable":true,"href":"https:\/\/bejsment.com\/index.php\/wp-json\/wp\/v2\/media\/242767"}],"wp:attachment":[{"href":"https:\/\/bejsment.com\/index.php\/wp-json\/wp\/v2\/media?parent=242765"}],"wp:term":[{"taxonomy":"category","embeddable":true,"href":"https:\/\/bejsment.com\/index.php\/wp-json\/wp\/v2\/categories?post=242765"},{"taxonomy":"post_tag","embeddable":true,"href":"https:\/\/bejsment.com\/index.php\/wp-json\/wp\/v2\/tags?post=242765"}],"curies":[{"name":"wp","href":"https:\/\/api.w.org\/{rel}","templated":true}]}}