{"id":242769,"date":"2026-05-01T19:00:36","date_gmt":"2026-05-01T23:00:36","guid":{"rendered":"https:\/\/bejsment.com\/?p=242769"},"modified":"2026-05-01T06:59:22","modified_gmt":"2026-05-01T10:59:22","slug":"apel-arcybiskupa-toronto-do-premiera-kanady","status":"publish","type":"post","link":"https:\/\/bejsment.com\/index.php\/2026\/05\/01\/apel-arcybiskupa-toronto-do-premiera-kanady\/","title":{"rendered":"Apel arcybiskupa Toronto do premiera Kanady"},"content":{"rendered":"<div id=\"attachment_242771\" style=\"width: 646px\" class=\"wp-caption aligncenter\"><img loading=\"lazy\" decoding=\"async\" aria-describedby=\"caption-attachment-242771\" class=\"size-custom-full-size wp-image-242771\" src=\"https:\/\/bejsment.com\/wp-content\/uploads\/2026\/05\/aaarcybiskupfrankleo-636x358.jpg\" alt=\"\" width=\"636\" height=\"358\" srcset=\"https:\/\/bejsment.com\/wp-content\/uploads\/2026\/05\/aaarcybiskupfrankleo-636x358.jpg 636w, https:\/\/bejsment.com\/wp-content\/uploads\/2026\/05\/aaarcybiskupfrankleo-300x169.jpg 300w, https:\/\/bejsment.com\/wp-content\/uploads\/2026\/05\/aaarcybiskupfrankleo-768x432.jpg 768w, https:\/\/bejsment.com\/wp-content\/uploads\/2026\/05\/aaarcybiskupfrankleo-130x73.jpg 130w, https:\/\/bejsment.com\/wp-content\/uploads\/2026\/05\/aaarcybiskupfrankleo-250x141.jpg 250w, https:\/\/bejsment.com\/wp-content\/uploads\/2026\/05\/aaarcybiskupfrankleo.jpg 865w\" sizes=\"auto, (max-width: 636px) 100vw, 636px\" \/><p id=\"caption-attachment-242771\" class=\"wp-caption-text\">Arcybiskup Frank Leo<\/p><\/div>\n<p><strong>Arcybiskup Toronto Frank Leo zaapelowa\u0142 do premiera Marka Carneya o powstrzymanie dalszego rozszerzania przepis\u00f3w dotycz\u0105cych wspomaganego samob\u00f3jstwa. W li\u015bcie wezwa\u0142 szefa rz\u0105du, aby \u2014 jak napisa\u0142 \u2014 \u201ewybra\u0142 \u017cycie, a nie \u015bmier\u0107\u201d.<\/strong><\/p>\n<p>W pi\u015bmie z 20 kwietnia Frank Leo wyrazi\u0142 poparcie dla projektu ustawy zg\u0142oszonego przez pos\u0142a Partii Konserwatywnej Kanady. Propozycja zak\u0142ada ograniczenie dost\u0119pu do tzw. medycznej pomocy w umieraniu (MAID) dla os\u00f3b, kt\u00f3rych jedyn\u0105 podstawow\u0105 diagnoz\u0105 jest choroba psychiczna.<\/p>\n<p>Zmiana przepis\u00f3w ma wej\u015b\u0107 w \u017cycie w marcu 2027 roku. Obecnie specjalna wsp\u00f3lna komisja parlamentarna \u2014 z\u0142o\u017cona z pos\u0142\u00f3w i senator\u00f3w \u2014 analizuje, czy kraj jest przygotowany na ich wdro\u017cenie.<\/p>\n<p>Arcybiskup wezwa\u0142 Marka Carneya do umo\u017cliwienia cz\u0142onkom Partii Liberalnej swobodnego g\u0142osowania nad projektem oraz do rozwa\u017cenia dzia\u0142a\u0144 ograniczaj\u0105cych dalsz\u0105 ekspansj\u0119 MAID.<\/p>\n<p>\u2014 Wzywam r\u00f3wnie\u017c Pana i ministra sprawiedliwo\u015bci do podj\u0119cia krok\u00f3w, kt\u00f3re zahamuj\u0105 rozw\u00f3j wspomaganego samob\u00f3jstwa, a zamiast tego skieruj\u0105 \u015brodki na opiek\u0119 paliatywn\u0105, wsparcie zdrowia psychicznego oraz pomoc dla os\u00f3b marginalizowanych i wykluczonych \u2014 napisa\u0142 Frank Leo.<\/p>\n<p>Jak poinformowa\u0142o biuro arcybiskupa, Mark Carney nie odpowiedzia\u0142 na list. Podobne pisma trafi\u0142y tak\u017ce do wszystkich pos\u0142\u00f3w reprezentuj\u0105cych archidiecezj\u0119.<\/p>\n<p>Z kolei biuro premiera odm\u00f3wi\u0142o komentarza w sprawie zar\u00f3wno samego listu, jak i plan\u00f3w rz\u0105du dotycz\u0105cych eutanazji. Minister zdrowia Marjorie Michel r\u00f3wnie\u017c nie chcia\u0142a jednoznacznie oceni\u0107, czy Kanada zdecyduje si\u0119 na rozszerzenie przepis\u00f3w. Wskaza\u0142a, \u017ce wraz z ministrem sprawiedliwo\u015bci Sean Fraser oczekuje na raport komisji, kt\u00f3ry ma zosta\u0107 opublikowany w czerwcu.<\/p>\n<p>W debacie pojawiaj\u0105 si\u0119 tak\u017ce g\u0142osy krytyczne wobec prac komisji. Cz\u0119\u015b\u0107 obserwator\u00f3w zwraca uwag\u0119, \u017ce dob\u00f3r \u015bwiadk\u00f3w mo\u017ce nie odzwierciedla\u0107 pe\u0142nego spektrum opinii.<\/p>\n<p>Jednym z ekspert\u00f3w, kt\u00f3rzy przedstawili swoje stanowisko, by\u0142 Brian Mishara z Uniwersytetu Qu\u00e9bec w Montrealu. Podkre\u015bli\u0142 on, \u017ce cho\u0107 MAID mo\u017ce by\u0107 uzasadnione w przypadku nieuleczalnego cierpienia, to w odniesieniu do chor\u00f3b psychicznych sytuacja jest znacznie bardziej z\u0142o\u017cona.<\/p>\n<p>Podobne obawy wyrazi\u0142a Jocelyn Downie z Uniwersytetu Dalhousie, wskazuj\u0105c na dysproporcj\u0119 mi\u0119dzy liczb\u0105 \u015bwiadk\u00f3w przeciwnych i popieraj\u0105cych rozszerzenie przepis\u00f3w.<\/p>\n<p>Z kolei senator Kristopher Wells zaznaczy\u0142, \u017ce w debacie publicznej cz\u0119sto dochodzi do b\u0142\u0119dnego uto\u017csamiania wniosk\u00f3w o MAID z my\u015blami samob\u00f3jczymi. Podkre\u015bli\u0142, \u017ce procedura w Kanadzie wymaga spe\u0142nienia rygorystycznych kryteri\u00f3w oraz wieloetapowej oceny medycznej.<\/p>\n<p>Kanada zalegalizowa\u0142a medyczn\u0105 pomoc w umieraniu w 2016 roku po wyroku S\u0105du Najwy\u017cszego Kanady. W 2021 roku przepisy zosta\u0142y rozszerzone po orzeczeniu s\u0105du w Quebecu, kt\u00f3ry uzna\u0142 wcze\u015bniejsze ograniczenia za niezgodne z konstytucj\u0105.<\/p>\n<p>Obecne regulacje przewiduj\u0105 mo\u017cliwo\u015b\u0107 rozpatrywania wniosk\u00f3w os\u00f3b cierpi\u0105cych wy\u0142\u0105cznie na zaburzenia psychiczne, jednak ich wej\u015bcie w \u017cycie zosta\u0142o odroczone do 2027 roku, aby umo\u017cliwi\u0107 systemowi ochrony zdrowia odpowiednie przygotowanie.<\/p>\n<p>Komisja parlamentarna planuje zako\u0144czy\u0107 przes\u0142uchania 5 maja.<\/p>\n","protected":false},"excerpt":{"rendered":"<p>Arcybiskup Toronto Frank Leo zaapelowa\u0142 do premiera Marka Carneya o powstrzymanie dalszego rozszerzania przepis\u00f3w dotycz\u0105cych wspomaganego samob\u00f3jstwa. W li\u015bcie wezwa\u0142 szefa rz\u0105du, aby \u2014 jak&hellip;<\/p>\n","protected":false},"author":57,"featured_media":242770,"comment_status":"open","ping_status":"open","sticky":false,"template":"","format":"standard","meta":{"footnotes":""},"categories":[19,3],"tags":[],"class_list":["post-242769","post","type-post","status-publish","format-standard","has-post-thumbnail","hentry","category-kanada-2","category-top-news"],"_links":{"self":[{"href":"https:\/\/bejsment.com\/index.php\/wp-json\/wp\/v2\/posts\/242769","targetHints":{"allow":["GET"]}}],"collection":[{"href":"https:\/\/bejsment.com\/index.php\/wp-json\/wp\/v2\/posts"}],"about":[{"href":"https:\/\/bejsment.com\/index.php\/wp-json\/wp\/v2\/types\/post"}],"author":[{"embeddable":true,"href":"https:\/\/bejsment.com\/index.php\/wp-json\/wp\/v2\/users\/57"}],"replies":[{"embeddable":true,"href":"https:\/\/bejsment.com\/index.php\/wp-json\/wp\/v2\/comments?post=242769"}],"version-history":[{"count":1,"href":"https:\/\/bejsment.com\/index.php\/wp-json\/wp\/v2\/posts\/242769\/revisions"}],"predecessor-version":[{"id":242772,"href":"https:\/\/bejsment.com\/index.php\/wp-json\/wp\/v2\/posts\/242769\/revisions\/242772"}],"wp:featuredmedia":[{"embeddable":true,"href":"https:\/\/bejsment.com\/index.php\/wp-json\/wp\/v2\/media\/242770"}],"wp:attachment":[{"href":"https:\/\/bejsment.com\/index.php\/wp-json\/wp\/v2\/media?parent=242769"}],"wp:term":[{"taxonomy":"category","embeddable":true,"href":"https:\/\/bejsment.com\/index.php\/wp-json\/wp\/v2\/categories?post=242769"},{"taxonomy":"post_tag","embeddable":true,"href":"https:\/\/bejsment.com\/index.php\/wp-json\/wp\/v2\/tags?post=242769"}],"curies":[{"name":"wp","href":"https:\/\/api.w.org\/{rel}","templated":true}]}}