{"id":242781,"date":"2026-05-02T19:00:51","date_gmt":"2026-05-02T23:00:51","guid":{"rendered":"https:\/\/bejsment.com\/?p=242781"},"modified":"2026-05-02T05:11:17","modified_gmt":"2026-05-02T09:11:17","slug":"delegacja-iranu-opuscila-kongres-fifa-z-powodu-awantury-na-lotnisku-w-toronto","status":"publish","type":"post","link":"https:\/\/bejsment.com\/index.php\/2026\/05\/02\/delegacja-iranu-opuscila-kongres-fifa-z-powodu-awantury-na-lotnisku-w-toronto\/","title":{"rendered":"Delegacja Iranu opu\u015bci\u0142a Kongres FIFA z powodu awantury na lotnisku w Toronto"},"content":{"rendered":"<p><img decoding=\"async\" src=\"https:\/\/diarioelpopular.com\/wp-content\/uploads\/2026\/04\/Screen-Shot-2026-04-30-at-9.56.40-AM-1200x874.png\" \/><\/p>\n<p><strong>Delegacja Iranu opu\u015bci\u0142a Kanad\u0119, rezygnuj\u0105c z udzia\u0142u w Kongresie FIFA w Vancouver. Decyzj\u0119 podj\u0119li przedstawiciele Ira\u0144skiej Federacji Pi\u0142karskiej po incydencie, do kt\u00f3rego mia\u0142o doj\u015b\u0107 na lotnisku w Toronto. Jak poinformowano w oficjalnym o\u015bwiadczeniu, powodem by\u0142y \u201eobelgi\u201d ze strony funkcjonariusza s\u0142u\u017cb imigracyjnych.<\/strong><\/p>\n<p>Prezydent oraz sekretarz generalny federacji przybyli do Kanady na podstawie wiz oficjalnych, jednak \u2013 jak przekazano \u2013 zdecydowali si\u0119 wr\u00f3ci\u0107 do Turcji najwcze\u015bniejszym mo\u017cliwym lotem. Wskazano na \u201eniew\u0142a\u015bciwe zachowanie urz\u0119dnik\u00f3w imigracyjnych\u201d oraz zniewag\u0119 wobec jednego z kluczowych organ\u00f3w ira\u0144skich si\u0142 zbrojnych.<\/p>\n<p>Sprawa wpisuje si\u0119 w szerszy kontekst napi\u0119\u0107 politycznych. W 2024 roku rz\u0105d Kanady uzna\u0142 Korpus Stra\u017cnik\u00f3w Rewolucji Islamskiej za organizacj\u0119 terrorystyczn\u0105, co skutkuje m.in. zakazem wjazdu dla jej cz\u0142onk\u00f3w. W odpowiedzi Immigration, Refugees and Citizenship Canada podkre\u015bli\u0142, \u017ce osoby powi\u0105zane z t\u0105 formacj\u0105 \u201enie maj\u0105 miejsca w Kanadzie\u201d, zaznaczaj\u0105c jednocze\u015bnie, \u017ce nie komentuje indywidualnych przypadk\u00f3w.<\/p>\n<p>Incydent rzuca cie\u0144 na przygotowania do Mistrzostw \u015awiata w Pi\u0142ce No\u017cnej 2026, kt\u00f3re Kanada organizuje wsp\u00f3lnie ze Stanami Zjednoczonymi i Meksykiem. Turniej odb\u0119dzie si\u0119 od 11 czerwca do 19 lipca 2026 roku.<\/p>\n<p>Mimo napi\u0119tej sytuacji politycznej oraz trwaj\u0105cego konfliktu na Bliskim Wschodzie, FIFA zak\u0142ada udzia\u0142 reprezentacji Iranu w turnieju. Prezydent federacji Gianni Infantino wyrazi\u0142 nadziej\u0119, \u017ce do czasu rozpocz\u0119cia mistrzostw sytuacja mi\u0119dzynarodowa ulegnie stabilizacji.<\/p>\n<p>Z kolei sekretarz stanu USA Marco Rubio zapowiedzia\u0142, \u017ce ira\u0144scy pi\u0142karze nie zostan\u0105 wykluczeni z rozgrywek, cho\u0107 \u2013 jak zaznaczy\u0142 \u2013 w\u0105tpliwo\u015bci mog\u0105 dotyczy\u0107 os\u00f3b towarzysz\u0105cych dru\u017cynie, kt\u00f3re mog\u0105 mie\u0107 zwi\u0105zki z Korpusem Stra\u017cnik\u00f3w Rewolucji Islamskiej.<\/p>\n<p>Reprezentacja Iranu ma rozegra\u0107 mecze fazy grupowej w Stanach Zjednoczonych \u2013 przeciwko Nowej Zelandii i Belgii w Los Angeles oraz Egiptowi w Seattle. Baz\u0105 treningow\u0105 dru\u017cyny ma by\u0107 Tucson w stanie Arizona.<\/p>\n","protected":false},"excerpt":{"rendered":"<p>Delegacja Iranu opu\u015bci\u0142a Kanad\u0119, rezygnuj\u0105c z udzia\u0142u w Kongresie FIFA w Vancouver. Decyzj\u0119 podj\u0119li przedstawiciele Ira\u0144skiej Federacji Pi\u0142karskiej po incydencie, do kt\u00f3rego mia\u0142o doj\u015b\u0107 na&hellip;<\/p>\n","protected":false},"author":928,"featured_media":242782,"comment_status":"open","ping_status":"open","sticky":false,"template":"","format":"standard","meta":{"footnotes":""},"categories":[19,3],"tags":[],"class_list":["post-242781","post","type-post","status-publish","format-standard","has-post-thumbnail","hentry","category-kanada-2","category-top-news"],"_links":{"self":[{"href":"https:\/\/bejsment.com\/index.php\/wp-json\/wp\/v2\/posts\/242781","targetHints":{"allow":["GET"]}}],"collection":[{"href":"https:\/\/bejsment.com\/index.php\/wp-json\/wp\/v2\/posts"}],"about":[{"href":"https:\/\/bejsment.com\/index.php\/wp-json\/wp\/v2\/types\/post"}],"author":[{"embeddable":true,"href":"https:\/\/bejsment.com\/index.php\/wp-json\/wp\/v2\/users\/928"}],"replies":[{"embeddable":true,"href":"https:\/\/bejsment.com\/index.php\/wp-json\/wp\/v2\/comments?post=242781"}],"version-history":[{"count":2,"href":"https:\/\/bejsment.com\/index.php\/wp-json\/wp\/v2\/posts\/242781\/revisions"}],"predecessor-version":[{"id":242797,"href":"https:\/\/bejsment.com\/index.php\/wp-json\/wp\/v2\/posts\/242781\/revisions\/242797"}],"wp:featuredmedia":[{"embeddable":true,"href":"https:\/\/bejsment.com\/index.php\/wp-json\/wp\/v2\/media\/242782"}],"wp:attachment":[{"href":"https:\/\/bejsment.com\/index.php\/wp-json\/wp\/v2\/media?parent=242781"}],"wp:term":[{"taxonomy":"category","embeddable":true,"href":"https:\/\/bejsment.com\/index.php\/wp-json\/wp\/v2\/categories?post=242781"},{"taxonomy":"post_tag","embeddable":true,"href":"https:\/\/bejsment.com\/index.php\/wp-json\/wp\/v2\/tags?post=242781"}],"curies":[{"name":"wp","href":"https:\/\/api.w.org\/{rel}","templated":true}]}}