{"id":242827,"date":"2026-05-02T12:30:54","date_gmt":"2026-05-02T16:30:54","guid":{"rendered":"https:\/\/bejsment.com\/?p=242827"},"modified":"2026-05-02T10:10:54","modified_gmt":"2026-05-02T14:10:54","slug":"usa-wycofuja-czesc-wojsk-z-niemiec-nato-skomentowalo","status":"publish","type":"post","link":"https:\/\/bejsment.com\/index.php\/2026\/05\/02\/usa-wycofuja-czesc-wojsk-z-niemiec-nato-skomentowalo\/","title":{"rendered":"USA wycofuj\u0105 cz\u0119\u015b\u0107 wojsk z Niemiec. NATO skomentowa\u0142o"},"content":{"rendered":"<p><img loading=\"lazy\" decoding=\"async\" class=\"aligncenter size-custom-full-size wp-image-242828\" src=\"https:\/\/bejsment.com\/wp-content\/uploads\/2026\/05\/aaamerykaniewojsko-636x477.jpg\" alt=\"\" width=\"636\" height=\"477\" srcset=\"https:\/\/bejsment.com\/wp-content\/uploads\/2026\/05\/aaamerykaniewojsko-636x477.jpg 636w, https:\/\/bejsment.com\/wp-content\/uploads\/2026\/05\/aaamerykaniewojsko-300x225.jpg 300w, https:\/\/bejsment.com\/wp-content\/uploads\/2026\/05\/aaamerykaniewojsko-768x576.jpg 768w, https:\/\/bejsment.com\/wp-content\/uploads\/2026\/05\/aaamerykaniewojsko-97x73.jpg 97w, https:\/\/bejsment.com\/wp-content\/uploads\/2026\/05\/aaamerykaniewojsko-250x188.jpg 250w, https:\/\/bejsment.com\/wp-content\/uploads\/2026\/05\/aaamerykaniewojsko.jpg 960w\" sizes=\"auto, (max-width: 636px) 100vw, 636px\" \/><\/p>\n<p><strong>Stany Zjednoczone zdecydowa\u0142y o wycofaniu z Niemiec oko\u0142o pi\u0119ciu tysi\u0119cy swoich \u017co\u0142nierzy. Decyzja ta spotka\u0142a si\u0119 z reakcj\u0105 NATO, kt\u00f3rego rzeczniczka Allison Hart odnios\u0142a si\u0119 do sprawy we wpisie na platformie X.<\/strong><\/p>\n<p>Jak poinformowa\u0142a, Sojusz pozostaje w kontakcie ze Stanami Zjednoczonymi, aby pozna\u0107 szczeg\u00f3\u0142y planowanego ograniczenia si\u0142 wojskowych w Niemczech. Podkre\u015bli\u0142a przy tym, \u017ce decyzja ta uwydatnia konieczno\u015b\u0107 dalszego zwi\u0119kszania europejskich wydatk\u00f3w na obronno\u015b\u0107 oraz wi\u0119kszego zaanga\u017cowania pa\u0144stw europejskich w odpowiedzialno\u015b\u0107 za wsp\u00f3lne bezpiecze\u0144stwo.<\/p>\n<p>Rzeczniczka NATO zaznaczy\u0142a r\u00f3wnie\u017c, \u017ce ju\u017c wida\u0107 post\u0119py w tym zakresie od czasu, gdy pa\u0144stwa cz\u0142onkowskie uzgodni\u0142y na szczycie NATO w Hadze inwestowanie na poziomie 5 proc. PKB w obronno\u015b\u0107. Doda\u0142a, \u017ce Sojusz pozostaje pewny swojej zdolno\u015bci do zapewnienia odstraszania i obrony, a proces wzmacniania roli Europy odbywa si\u0119 w ramach silnego NATO.<\/p>\n<p>Decyzj\u0119 o wycofaniu wojsk potwierdzi\u0142 rzecznik Pentagonu Sean Parnell. Poinformowa\u0142, \u017ce sekretarz obrony Pete Hegseth poleci\u0142 redukcj\u0119 kontyngentu o oko\u0142o pi\u0119\u0107 tysi\u0119cy \u017co\u0142nierzy. Ma to by\u0107 efekt kompleksowej analizy rozmieszczenia si\u0142 w Europie, uwzgl\u0119dniaj\u0105cej aktualne potrzeby oraz warunki operacyjne.<\/p>\n<p>W tle decyzji pojawi\u0142y si\u0119 napi\u0119cia polityczne. Prezydent Donald Trump wcze\u015bniej sygnalizowa\u0142 mo\u017cliwo\u015b\u0107 ograniczenia obecno\u015bci wojskowej w Europie, po sporze z kanclerzem Niemiec Friedrichem Merzem. Szef niemieckiego rz\u0105du stwierdzi\u0142 w\u00f3wczas, \u017ce Iran stawia Stany Zjednoczone w trudnej sytuacji podczas rozm\u00f3w dotycz\u0105cych zako\u0144czenia konfliktu na Bliskim Wschodzie, a tak\u017ce wyrazi\u0142 w\u0105tpliwo\u015bci co do strategii Waszyngtonu.<\/p>\n<p>Anonimowy wysoki rang\u0105 przedstawiciel Pentagonu oceni\u0142 te wypowiedzi jako \u201eniew\u0142a\u015bciwe i nieprzydatne\u201d, podkre\u015blaj\u0105c, \u017ce reakcja prezydenta Stan\u00f3w Zjednoczonych by\u0142a uzasadniona.<\/p>\n<p>Wed\u0142ug informacji Pentagonu proces wycofywania wojsk ma potrwa\u0107 od sze\u015bciu do dwunastu miesi\u0119cy. Obecnie w Niemczech stacjonuje oko\u0142o 35 tysi\u0119cy ameryka\u0144skich \u017co\u0142nierzy \u2013 wi\u0119cej ni\u017c w jakimkolwiek innym kraju Europy.<\/p>\n","protected":false},"excerpt":{"rendered":"<p>Stany Zjednoczone zdecydowa\u0142y o wycofaniu z Niemiec oko\u0142o pi\u0119ciu tysi\u0119cy swoich \u017co\u0142nierzy. Decyzja ta spotka\u0142a si\u0119 z reakcj\u0105 NATO, kt\u00f3rego rzeczniczka Allison Hart odnios\u0142a si\u0119&hellip;<\/p>\n","protected":false},"author":57,"featured_media":242829,"comment_status":"open","ping_status":"open","sticky":false,"template":"","format":"standard","meta":{"footnotes":""},"categories":[570],"tags":[],"class_list":["post-242827","post","type-post","status-publish","format-standard","has-post-thumbnail","hentry","category-swiat"],"_links":{"self":[{"href":"https:\/\/bejsment.com\/index.php\/wp-json\/wp\/v2\/posts\/242827","targetHints":{"allow":["GET"]}}],"collection":[{"href":"https:\/\/bejsment.com\/index.php\/wp-json\/wp\/v2\/posts"}],"about":[{"href":"https:\/\/bejsment.com\/index.php\/wp-json\/wp\/v2\/types\/post"}],"author":[{"embeddable":true,"href":"https:\/\/bejsment.com\/index.php\/wp-json\/wp\/v2\/users\/57"}],"replies":[{"embeddable":true,"href":"https:\/\/bejsment.com\/index.php\/wp-json\/wp\/v2\/comments?post=242827"}],"version-history":[{"count":1,"href":"https:\/\/bejsment.com\/index.php\/wp-json\/wp\/v2\/posts\/242827\/revisions"}],"predecessor-version":[{"id":242830,"href":"https:\/\/bejsment.com\/index.php\/wp-json\/wp\/v2\/posts\/242827\/revisions\/242830"}],"wp:featuredmedia":[{"embeddable":true,"href":"https:\/\/bejsment.com\/index.php\/wp-json\/wp\/v2\/media\/242829"}],"wp:attachment":[{"href":"https:\/\/bejsment.com\/index.php\/wp-json\/wp\/v2\/media?parent=242827"}],"wp:term":[{"taxonomy":"category","embeddable":true,"href":"https:\/\/bejsment.com\/index.php\/wp-json\/wp\/v2\/categories?post=242827"},{"taxonomy":"post_tag","embeddable":true,"href":"https:\/\/bejsment.com\/index.php\/wp-json\/wp\/v2\/tags?post=242827"}],"curies":[{"name":"wp","href":"https:\/\/api.w.org\/{rel}","templated":true}]}}