{"id":242852,"date":"2026-05-02T13:00:15","date_gmt":"2026-05-02T17:00:15","guid":{"rendered":"https:\/\/bejsment.com\/?p=242852"},"modified":"2026-05-02T10:23:25","modified_gmt":"2026-05-02T14:23:25","slug":"ojciec-zabil-dwoje-dzieci-w-calgary-postawiono-mu-zarzut-morderstwa-pierwszego-stopnia","status":"publish","type":"post","link":"https:\/\/bejsment.com\/index.php\/2026\/05\/02\/ojciec-zabil-dwoje-dzieci-w-calgary-postawiono-mu-zarzut-morderstwa-pierwszego-stopnia\/","title":{"rendered":"Ojciec zabi\u0142 dwoje dzieci w Calgary &#8211; postawiono mu zarzut morderstwa pierwszego stopnia"},"content":{"rendered":"<p><a href=\"https:\/\/bejsment.com\/wp-content\/uploads\/2026\/05\/calgary-murder-e1777731577167.png\"><img loading=\"lazy\" decoding=\"async\" class=\"aligncenter size-custom-full-size wp-image-242854\" src=\"https:\/\/bejsment.com\/wp-content\/uploads\/2026\/05\/calgary-murder-e1777731577167-636x380.png\" alt=\"\" width=\"636\" height=\"380\" srcset=\"https:\/\/bejsment.com\/wp-content\/uploads\/2026\/05\/calgary-murder-e1777731577167-636x380.png 636w, https:\/\/bejsment.com\/wp-content\/uploads\/2026\/05\/calgary-murder-e1777731577167-300x179.png 300w, https:\/\/bejsment.com\/wp-content\/uploads\/2026\/05\/calgary-murder-e1777731577167-768x459.png 768w, https:\/\/bejsment.com\/wp-content\/uploads\/2026\/05\/calgary-murder-e1777731577167-122x73.png 122w, https:\/\/bejsment.com\/wp-content\/uploads\/2026\/05\/calgary-murder-e1777731577167-250x150.png 250w, https:\/\/bejsment.com\/wp-content\/uploads\/2026\/05\/calgary-murder-e1777731577167.png 916w\" sizes=\"auto, (max-width: 636px) 100vw, 636px\" \/><\/a>W Calgary postawiono 37-letniemu m\u0119\u017cczy\u017anie zarzuty podw\u00f3jnego morderstwa pierwszego stopnia w zwi\u0105zku z zab\u00f3jstwem jego dwojga ma\u0142ych dzieci. Ofiarami s\u0105 pi\u0119cioletni ch\u0142opiec i trzyletnia dziewczynka, kt\u00f3rych cia\u0142a znaleziono w samochodzie w p\u00f3\u0142nocno-zachodniej cz\u0119\u015bci miasta.<\/p>\n<p>Do tragedii dosz\u0142o w czwartek 30 kwietnia. Policja otrzyma\u0142a telefon od m\u0119\u017cczyzny, kt\u00f3ry przyzna\u0142 si\u0119 do pope\u0142nienia przest\u0119pstwa. Funkcjonariusze przybyli na miejsce w rejonie 4500 blok 14 Street N.W. i odkryli w poje\u017adzie cia\u0142a dwojga dzieci. Ojciec dzieci zg\u0142osi\u0142 si\u0119 sam, a aresztowano go bez incydent\u00f3w.<\/p>\n<p>M\u0119\u017cczyzna pojawi\u0142 si\u0119 przed s\u0105dem w pi\u0105tek, gdzie formalnie postawiono mu dwa zarzuty morderstwa pierwszego stopnia. Zosta\u0142 umieszczony w areszcie i ma ponownie stawi\u0107 si\u0119 w s\u0105dzie w poniedzia\u0142ek. Policja poinformowa\u0142a, \u017ce rodzice dzieci byli w zwi\u0105zku partnerskim, ale rozstali si\u0119 oko\u0142o rok temu. M\u0119\u017cczyzna odebra\u0142 dzieci poprzedniego dnia na zaplanowan\u0105 wizyt\u0119 w ramach opieki naprzemiennej.<\/p>\n<p>Sprawa wstrz\u0105sn\u0119\u0142a spo\u0142eczno\u015bci\u0105 Calgary. Rodzina nale\u017ca\u0142a do lokalnej spo\u0142eczno\u015bci erytrejskiej, kt\u00f3ra zorganizowa\u0142a modlitwy i spotkania \u017ca\u0142obne. Matka dzieci, kt\u00f3ra nie ma w Kanadzie innej rodziny, prze\u017cywa ogromn\u0105 tragedi\u0119. Przedstawiciele miasta, w tym burmistrz, wyrazili g\u0142\u0119boki smutek i kondolencje.<\/p>\n<p>Policja podkre\u015bli\u0142a, \u017ce nie ma zagro\u017cenia dla bezpiecze\u0144stwa publicznego, a \u015bledztwo jest w toku. Autopsje maj\u0105 ustali\u0107 dok\u0142adn\u0105 przyczyn\u0119 \u015bmierci dzieci. Ze wzgl\u0119du na nakaz s\u0105dowy nie ujawniono to\u017csamo\u015bci ofiar ani \u015bwiadk\u00f3w.<\/p>\n<p>To dramatyczne wydarzenie przypomina o tragicznych przypadkach przemocy domowej i podkre\u015bla wyzwania zwi\u0105zane z opiek\u0105 naprzemienn\u0105 nad dzie\u0107mi w sytuacjach rozstania rodzic\u00f3w. Spo\u0142eczno\u015b\u0107 Calgary jednoczy si\u0119 w \u017ca\u0142obie, szukaj\u0105c sposob\u00f3w wsparcia dla najbli\u017cszych ofiar.<\/p>\n","protected":false},"excerpt":{"rendered":"<p>W Calgary postawiono 37-letniemu m\u0119\u017cczy\u017anie zarzuty podw\u00f3jnego morderstwa pierwszego stopnia w zwi\u0105zku z zab\u00f3jstwem jego dwojga ma\u0142ych dzieci. Ofiarami s\u0105 pi\u0119cioletni ch\u0142opiec i trzyletnia dziewczynka,&hellip;<\/p>\n","protected":false},"author":700,"featured_media":242854,"comment_status":"open","ping_status":"open","sticky":false,"template":"","format":"standard","meta":{"footnotes":""},"categories":[19,3],"tags":[],"class_list":["post-242852","post","type-post","status-publish","format-standard","has-post-thumbnail","hentry","category-kanada-2","category-top-news"],"_links":{"self":[{"href":"https:\/\/bejsment.com\/index.php\/wp-json\/wp\/v2\/posts\/242852","targetHints":{"allow":["GET"]}}],"collection":[{"href":"https:\/\/bejsment.com\/index.php\/wp-json\/wp\/v2\/posts"}],"about":[{"href":"https:\/\/bejsment.com\/index.php\/wp-json\/wp\/v2\/types\/post"}],"author":[{"embeddable":true,"href":"https:\/\/bejsment.com\/index.php\/wp-json\/wp\/v2\/users\/700"}],"replies":[{"embeddable":true,"href":"https:\/\/bejsment.com\/index.php\/wp-json\/wp\/v2\/comments?post=242852"}],"version-history":[{"count":1,"href":"https:\/\/bejsment.com\/index.php\/wp-json\/wp\/v2\/posts\/242852\/revisions"}],"predecessor-version":[{"id":242855,"href":"https:\/\/bejsment.com\/index.php\/wp-json\/wp\/v2\/posts\/242852\/revisions\/242855"}],"wp:featuredmedia":[{"embeddable":true,"href":"https:\/\/bejsment.com\/index.php\/wp-json\/wp\/v2\/media\/242854"}],"wp:attachment":[{"href":"https:\/\/bejsment.com\/index.php\/wp-json\/wp\/v2\/media?parent=242852"}],"wp:term":[{"taxonomy":"category","embeddable":true,"href":"https:\/\/bejsment.com\/index.php\/wp-json\/wp\/v2\/categories?post=242852"},{"taxonomy":"post_tag","embeddable":true,"href":"https:\/\/bejsment.com\/index.php\/wp-json\/wp\/v2\/tags?post=242852"}],"curies":[{"name":"wp","href":"https:\/\/api.w.org\/{rel}","templated":true}]}}