{"id":251223,"date":"2026-08-30T15:00:05","date_gmt":"2026-08-30T19:00:05","guid":{"rendered":"https:\/\/bejsment.com\/?p=251223"},"modified":"2026-08-30T10:37:07","modified_gmt":"2026-08-30T14:37:07","slug":"caq-odrabia-straty-przed-wyborami-w-quebecu","status":"publish","type":"post","link":"https:\/\/bejsment.com\/index.php\/2026\/08\/30\/caq-odrabia-straty-przed-wyborami-w-quebecu\/","title":{"rendered":"CAQ odrabia straty przed wyborami w Quebecu"},"content":{"rendered":"<div id=\"attachment_251225\" style=\"width: 646px\" class=\"wp-caption aligncenter\"><img loading=\"lazy\" decoding=\"async\" aria-describedby=\"caption-attachment-251225\" class=\"size-custom-full-size wp-image-251225\" src=\"https:\/\/bejsment.com\/wp-content\/uploads\/2026\/08\/aaChristineFrechette-636x370.jpg\" alt=\"\" width=\"636\" height=\"370\" srcset=\"https:\/\/bejsment.com\/wp-content\/uploads\/2026\/08\/aaChristineFrechette-636x370.jpg 636w, https:\/\/bejsment.com\/wp-content\/uploads\/2026\/08\/aaChristineFrechette-300x175.jpg 300w, https:\/\/bejsment.com\/wp-content\/uploads\/2026\/08\/aaChristineFrechette-768x447.jpg 768w, https:\/\/bejsment.com\/wp-content\/uploads\/2026\/08\/aaChristineFrechette-126x73.jpg 126w, https:\/\/bejsment.com\/wp-content\/uploads\/2026\/08\/aaChristineFrechette-250x145.jpg 250w, https:\/\/bejsment.com\/wp-content\/uploads\/2026\/08\/aaChristineFrechette.jpg 1200w\" sizes=\"auto, (max-width: 636px) 100vw, 636px\" \/><p id=\"caption-attachment-251225\" class=\"wp-caption-text\">Christine Fr\u00e9chette<\/p><\/div>\n<p><strong>Christine Fr\u00e9chette, nowa liderka Coalition Avenir Qu\u00e9bec, rozpocz\u0119\u0142a kampani\u0119 przed wyborami zaplanowanymi na 5 pa\u017adziernika. Jednym z g\u0142\u00f3wnych temat\u00f3w uczyni\u0142a konieczno\u015b\u0107 przebudowy gospodarki Quebecu w obliczu wojny handlowej ze Stanami Zjednoczonymi. Jej partia, kt\u00f3rej jeszcze niedawno grozi\u0142a dotkliwa pora\u017cka, niemal zr\u00f3wna\u0142a si\u0119 w sonda\u017cach z separatystyczn\u0105 Parti Qu\u00e9b\u00e9cois.<\/strong><\/p>\n<p>Fr\u00e9chette przej\u0119\u0142a kierownictwo CAQ w kwietniu, zast\u0119puj\u0105c za\u0142o\u017cyciela i wieloletniego lidera partii Fran\u00e7ois Legaulta. Zmieni\u0142a r\u00f3wnie\u017c podej\u015bcie rz\u0105du Quebecu do w\u0142adz federalnych, stawiaj\u0105c na znacznie \u015bci\u015blejsz\u0105 wsp\u00f3\u0142prac\u0119 z premierem Kanady Markiem Carneyem.<\/p>\n<p>Pierwszym znacz\u0105cym rezultatem tej strategii by\u0142o podpisanie w czerwcu przez Quebec i Ottaw\u0119 pi\u0119ciu porozumie\u0144 infrastrukturalnych o \u0142\u0105cznej warto\u015bci niemal 10 mld dolar\u00f3w. Maj\u0105 one umo\u017cliwi\u0107 w ci\u0105gu najbli\u017cszej dekady inwestycje m.in. w transport publiczny, ochron\u0119 zdrowia, mieszkalnictwo i edukacj\u0119.<\/p>\n<p>Kolejne du\u017ce przedsi\u0119wzi\u0119cie og\u0142oszono zaledwie trzy dni przed rozpocz\u0119ciem kampanii. Carney i Fr\u00e9chette pojawili si\u0119 razem w L\u00e9vis, gdzie premier Kanady zapowiedzia\u0142 federaln\u0105 inwestycj\u0119 w wysoko\u015bci 11 mld dolar\u00f3w w stoczni\u0119 Davie. Zak\u0142ad ma zbudowa\u0107 sze\u015b\u0107 nowych lodo\u0142amaczy dla kanadyjskiej stra\u017cy przybrze\u017cnej.<\/p>\n<p>Bliska wsp\u00f3\u0142praca federalnego premiera z liderk\u0105 CAQ wywo\u0142a\u0142a pytania o jego stosunek do uczestnik\u00f3w quebeckich wybor\u00f3w. Carney podkre\u015bli\u0142, \u017ce jego obowi\u0105zkiem jest wsp\u00f3\u0142praca z rz\u0105dami wszystkich prowincji. Po wizycie w L\u00e9vis spotka\u0142 si\u0119 r\u00f3wnie\u017c z liderem Partii Liberalnej Quebecu Charlesem Milliardem. Ottawa deklaruje, \u017ce podczas kampanii nie zamierza opowiada\u0107 si\u0119 po stronie \u017cadnego z ugrupowa\u0144.<\/p>\n<p>Zmiana strategii CAQ przynosi na razie efekty. Najnowszy sonda\u017c daje partii Fr\u00e9chette 27 proc. poparcia w\u015br\u00f3d zdecydowanych wyborc\u00f3w. Prowadz\u0105ca wcze\u015bniej zdecydowanie Parti Qu\u00e9b\u00e9cois ma obecnie 28 proc., a libera\u0142owie zajmuj\u0105 trzecie miejsce z wynikiem 20 proc.<\/p>\n<p>Wojna handlowa ze Stanami Zjednoczonymi sta\u0142a si\u0119 jednym z najwa\u017cniejszych temat\u00f3w kampanii. Fr\u00e9chette, podobnie jak Carney na szczeblu federalnym, przekonuje, \u017ce dotychczasowy model gospodarczych stosunk\u00f3w z USA przesta\u0142 istnie\u0107 i konieczne jest poszukiwanie nowych kierunk\u00f3w rozwoju.<\/p>\n<p>Wybory do Zgromadzenia Narodowego Quebecu odb\u0119d\u0105 si\u0119 5 pa\u017adziernika.<\/p>\n","protected":false},"excerpt":{"rendered":"<p>Christine Fr\u00e9chette, nowa liderka Coalition Avenir Qu\u00e9bec, rozpocz\u0119\u0142a kampani\u0119 przed wyborami zaplanowanymi na 5 pa\u017adziernika. Jednym z g\u0142\u00f3wnych temat\u00f3w uczyni\u0142a konieczno\u015b\u0107 przebudowy gospodarki Quebecu w&hellip;<\/p>\n","protected":false},"author":57,"featured_media":251224,"comment_status":"open","ping_status":"open","sticky":false,"template":"","format":"standard","meta":{"footnotes":""},"categories":[19,3],"tags":[],"class_list":["post-251223","post","type-post","status-publish","format-standard","has-post-thumbnail","hentry","category-kanada-2","category-top-news"],"_links":{"self":[{"href":"https:\/\/bejsment.com\/index.php\/wp-json\/wp\/v2\/posts\/251223","targetHints":{"allow":["GET"]}}],"collection":[{"href":"https:\/\/bejsment.com\/index.php\/wp-json\/wp\/v2\/posts"}],"about":[{"href":"https:\/\/bejsment.com\/index.php\/wp-json\/wp\/v2\/types\/post"}],"author":[{"embeddable":true,"href":"https:\/\/bejsment.com\/index.php\/wp-json\/wp\/v2\/users\/57"}],"replies":[{"embeddable":true,"href":"https:\/\/bejsment.com\/index.php\/wp-json\/wp\/v2\/comments?post=251223"}],"version-history":[{"count":1,"href":"https:\/\/bejsment.com\/index.php\/wp-json\/wp\/v2\/posts\/251223\/revisions"}],"predecessor-version":[{"id":251226,"href":"https:\/\/bejsment.com\/index.php\/wp-json\/wp\/v2\/posts\/251223\/revisions\/251226"}],"wp:featuredmedia":[{"embeddable":true,"href":"https:\/\/bejsment.com\/index.php\/wp-json\/wp\/v2\/media\/251224"}],"wp:attachment":[{"href":"https:\/\/bejsment.com\/index.php\/wp-json\/wp\/v2\/media?parent=251223"}],"wp:term":[{"taxonomy":"category","embeddable":true,"href":"https:\/\/bejsment.com\/index.php\/wp-json\/wp\/v2\/categories?post=251223"},{"taxonomy":"post_tag","embeddable":true,"href":"https:\/\/bejsment.com\/index.php\/wp-json\/wp\/v2\/tags?post=251223"}],"curies":[{"name":"wp","href":"https:\/\/api.w.org\/{rel}","templated":true}]}}