{"id":251248,"date":"2026-08-30T12:00:14","date_gmt":"2026-08-30T16:00:14","guid":{"rendered":"https:\/\/bejsment.com\/?p=251248"},"modified":"2026-08-30T11:17:06","modified_gmt":"2026-08-30T15:17:06","slug":"katastrofa-promu-u-wybrzezy-cypru-trwa-akcja-ratunkowa","status":"publish","type":"post","link":"https:\/\/bejsment.com\/index.php\/2026\/08\/30\/katastrofa-promu-u-wybrzezy-cypru-trwa-akcja-ratunkowa\/","title":{"rendered":"Katastrofa promu u wybrze\u017cy Cypru. Trwa akcja ratunkowa"},"content":{"rendered":"<p><img loading=\"lazy\" decoding=\"async\" class=\"aligncenter size-custom-full-size wp-image-251249\" src=\"https:\/\/bejsment.com\/wp-content\/uploads\/2026\/08\/aaswiat2promcypr-g12-636x358.jpg\" alt=\"\" width=\"636\" height=\"358\" srcset=\"https:\/\/bejsment.com\/wp-content\/uploads\/2026\/08\/aaswiat2promcypr-g12-636x358.jpg 636w, https:\/\/bejsment.com\/wp-content\/uploads\/2026\/08\/aaswiat2promcypr-g12-300x169.jpg 300w, https:\/\/bejsment.com\/wp-content\/uploads\/2026\/08\/aaswiat2promcypr-g12-768x432.jpg 768w, https:\/\/bejsment.com\/wp-content\/uploads\/2026\/08\/aaswiat2promcypr-g12-130x73.jpg 130w, https:\/\/bejsment.com\/wp-content\/uploads\/2026\/08\/aaswiat2promcypr-g12-250x141.jpg 250w, https:\/\/bejsment.com\/wp-content\/uploads\/2026\/08\/aaswiat2promcypr-g12.jpg 1200w\" sizes=\"auto, (max-width: 636px) 100vw, 636px\" \/><\/p>\n<p><strong>Prom pasa\u017cerski z oko\u0142o 280 osobami na pok\u0142adzie zaton\u0105\u0142 w niedziel\u0119 u wybrze\u017cy Cypru P\u00f3\u0142nocnego. Trwa akcja poszukiwawczo-ratunkowa. Wed\u0142ug najnowszych informacji uratowano co najmniej 159 os\u00f3b.<\/strong><\/p>\n<p>Statek wywr\u00f3ci\u0142 si\u0119 wczesnym popo\u0142udniem, wkr\u00f3tce po wyp\u0142yni\u0119ciu z portu w Kirenii. P\u0142yn\u0105\u0142 do Ta\u015fucu w tureckiej prowincji Mersin.<\/p>\n<p>Lokalne w\u0142adze przekazuj\u0105 rozbie\u017cne informacje dotycz\u0105ce liczby os\u00f3b znajduj\u0105cych si\u0119 na pok\u0142adzie. Burmistrz Kirenii Murat \u015eenkul poinformowa\u0142, \u017ce wraz z za\u0142og\u0105 by\u0142o ich 279. Minister rob\u00f3t publicznych Cypru P\u00f3\u0142nocnego Erhan Ar\u0131kl\u0131 m\u00f3wi\u0142 natomiast o oko\u0142o 260 osobach.<\/p>\n<p>Wed\u0142ug ministra prom zacz\u0105\u0142 nabiera\u0107 wody nied\u0142ugo po opuszczeniu portu. W Kirenii przygotowywany jest szpital polowy dla poszkodowanych.<\/p>\n<p>Do akcji ratunkowej skierowano jednostki stra\u017cy przybrze\u017cnej oraz \u015bmig\u0142owiec. W ratowaniu rozbitk\u00f3w uczestnicz\u0105 r\u00f3wnie\u017c za\u0142ogi innych \u0142odzi znajduj\u0105cych si\u0119 w pobli\u017cu miejsca katastrofy. W internecie pojawi\u0142y si\u0119 nagrania przedstawiaj\u0105ce pasa\u017cer\u00f3w w kamizelkach ratunkowych, kt\u00f3rzy oczekiwali na pomoc na wywr\u00f3conym kad\u0142ubie.<\/p>\n<p>Wed\u0142ug serwisu Philenews jednostk\u0105 jest szybki katamaran pasa\u017cerski Filo Jet, obs\u0142uguj\u0105cy po\u0142\u0105czenia mi\u0119dzy Cyprem P\u00f3\u0142nocnym a Turcj\u0105. Wst\u0119pne informacje wskazuj\u0105, \u017ce kilka os\u00f3b zosta\u0142o rannych. Dotychczas nie poinformowano o ofiarach \u015bmiertelnych.<\/p>\n<p>Przyczyna katastrofy nie jest jeszcze znana. Philenews poda\u0142, \u017ce mog\u0142o doj\u015b\u0107 do powa\u017cnego uszkodzenia konstrukcji jednostki, jednak informacje te nie zosta\u0142y oficjalnie potwierdzone.<\/p>\n<p>Wiceprezydent Turcji Cevdet Y\u0131lmaz zapewni\u0142, \u017ce priorytetem pozostaje ratowanie pasa\u017cer\u00f3w i za\u0142ogi oraz \u017ce Turcja udziela wszelkiej mo\u017cliwej pomocy w prowadzonej akcji.<\/p>\n","protected":false},"excerpt":{"rendered":"<p>Prom pasa\u017cerski z oko\u0142o 280 osobami na pok\u0142adzie zaton\u0105\u0142 w niedziel\u0119 u wybrze\u017cy Cypru P\u00f3\u0142nocnego. Trwa akcja poszukiwawczo-ratunkowa. Wed\u0142ug najnowszych informacji uratowano co najmniej 159&hellip;<\/p>\n","protected":false},"author":57,"featured_media":251249,"comment_status":"open","ping_status":"open","sticky":false,"template":"","format":"standard","meta":{"footnotes":""},"categories":[570],"tags":[],"class_list":["post-251248","post","type-post","status-publish","format-standard","has-post-thumbnail","hentry","category-swiat"],"_links":{"self":[{"href":"https:\/\/bejsment.com\/index.php\/wp-json\/wp\/v2\/posts\/251248","targetHints":{"allow":["GET"]}}],"collection":[{"href":"https:\/\/bejsment.com\/index.php\/wp-json\/wp\/v2\/posts"}],"about":[{"href":"https:\/\/bejsment.com\/index.php\/wp-json\/wp\/v2\/types\/post"}],"author":[{"embeddable":true,"href":"https:\/\/bejsment.com\/index.php\/wp-json\/wp\/v2\/users\/57"}],"replies":[{"embeddable":true,"href":"https:\/\/bejsment.com\/index.php\/wp-json\/wp\/v2\/comments?post=251248"}],"version-history":[{"count":1,"href":"https:\/\/bejsment.com\/index.php\/wp-json\/wp\/v2\/posts\/251248\/revisions"}],"predecessor-version":[{"id":251250,"href":"https:\/\/bejsment.com\/index.php\/wp-json\/wp\/v2\/posts\/251248\/revisions\/251250"}],"wp:featuredmedia":[{"embeddable":true,"href":"https:\/\/bejsment.com\/index.php\/wp-json\/wp\/v2\/media\/251249"}],"wp:attachment":[{"href":"https:\/\/bejsment.com\/index.php\/wp-json\/wp\/v2\/media?parent=251248"}],"wp:term":[{"taxonomy":"category","embeddable":true,"href":"https:\/\/bejsment.com\/index.php\/wp-json\/wp\/v2\/categories?post=251248"},{"taxonomy":"post_tag","embeddable":true,"href":"https:\/\/bejsment.com\/index.php\/wp-json\/wp\/v2\/tags?post=251248"}],"curies":[{"name":"wp","href":"https:\/\/api.w.org\/{rel}","templated":true}]}}