{"id":251255,"date":"2026-08-30T14:00:25","date_gmt":"2026-08-30T18:00:25","guid":{"rendered":"https:\/\/bejsment.com\/?p=251255"},"modified":"2026-08-30T11:17:18","modified_gmt":"2026-08-30T15:17:18","slug":"tusk-i-duda-starli-sie-w-sieci-poszlo-o-zdjecia","status":"publish","type":"post","link":"https:\/\/bejsment.com\/index.php\/2026\/08\/30\/tusk-i-duda-starli-sie-w-sieci-poszlo-o-zdjecia\/","title":{"rendered":"Tusk i Duda starli si\u0119 w sieci. Posz\u0142o o zdj\u0119cia"},"content":{"rendered":"<div id=\"attachment_251256\" style=\"width: 646px\" class=\"wp-caption aligncenter\"><img loading=\"lazy\" decoding=\"async\" aria-describedby=\"caption-attachment-251256\" class=\"size-custom-full-size wp-image-251256\" src=\"https:\/\/bejsment.com\/wp-content\/uploads\/2026\/08\/aatuskduda-Polska3-g14-636x358.jpg\" alt=\"\" width=\"636\" height=\"358\" srcset=\"https:\/\/bejsment.com\/wp-content\/uploads\/2026\/08\/aatuskduda-Polska3-g14-636x358.jpg 636w, https:\/\/bejsment.com\/wp-content\/uploads\/2026\/08\/aatuskduda-Polska3-g14-300x169.jpg 300w, https:\/\/bejsment.com\/wp-content\/uploads\/2026\/08\/aatuskduda-Polska3-g14-768x432.jpg 768w, https:\/\/bejsment.com\/wp-content\/uploads\/2026\/08\/aatuskduda-Polska3-g14-130x73.jpg 130w, https:\/\/bejsment.com\/wp-content\/uploads\/2026\/08\/aatuskduda-Polska3-g14-250x141.jpg 250w, https:\/\/bejsment.com\/wp-content\/uploads\/2026\/08\/aatuskduda-Polska3-g14.jpg 1200w\" sizes=\"auto, (max-width: 636px) 100vw, 636px\" \/><p id=\"caption-attachment-251256\" class=\"wp-caption-text\">Donald Tusk i Andrzej Duda<\/p><\/div>\n<p><strong>Donald Tusk i Andrzej Duda wdali si\u0119 w internetow\u0105 wymian\u0119 cios\u00f3w. Premier opublikowa\u0142 zdj\u0119cie by\u0142ego prezydenta z aresztowanym obecnie prezesem Polskiego Komitetu Olimpijskiego Rados\u0142awem Piesiewiczem. Duda odpowiedzia\u0142 fotografi\u0105 Tuska z W\u0142adimirem Putinem, a nast\u0119pnie przypomnia\u0142 dokument dotycz\u0105cy wsp\u00f3\u0142pracy polskiego kontrwywiadu z rosyjskimi s\u0142u\u017cbami.<\/strong><\/p>\n<p>Tusk opublikowa\u0142 zdj\u0119cie zamieszczone pierwotnie przez Piesiewicza 1 sierpnia 2025 roku. Wida\u0107 na nim prezesa PKOl w towarzystwie \u00f3wczesnego prezydenta Andrzeja Dudy oraz prezydenta elekta Karola Nawrockiego.<\/p>\n<blockquote class=\"twitter-tweet\" data-width=\"550\" data-dnt=\"true\">\n<p lang=\"pl\" dir=\"ltr\">Tu si\u0119 nie ma co \u015bmia\u0107, panowie\u2026 <a href=\"https:\/\/t.co\/rjTlo20qcf\">pic.twitter.com\/rjTlo20qcf<\/a><\/p>\n<p>&mdash; Donald Tusk (@donaldtusk) <a href=\"https:\/\/x.com\/donaldtusk\/status\/2093952037587145134?ref_src=twsrc%5Etfw\">August 30, 2026<\/a><\/p><\/blockquote>\n<p><script async src=\"https:\/\/platform.x.com\/widgets.js\" charset=\"utf-8\"><\/script><\/p>\n<p>Piesiewicz przebywa obecnie w areszcie tymczasowym w zwi\u0105zku ze \u015bledztwem dotycz\u0105cym Zondacrypto. W czwartek us\u0142ysza\u0142 zarzuty p\u0142atnej protekcji oraz zaspokojenia cz\u0119\u015bci wierzycieli firmy z pokrzywdzeniem innych w zwi\u0105zku z gro\u017c\u0105c\u0105 niewyp\u0142acalno\u015bci\u0105. Prezes PKOl nie przyznaje si\u0119 do winy.<\/p>\n<p>Na wpis premiera odpowiedzia\u0142 Andrzej Duda. \u2013 Premier Tusk chyba traci czujno\u015b\u0107, je\u015bli zaczyna licytacj\u0119 na zdj\u0119cia \u2013 napisa\u0142, publikuj\u0105c fotografi\u0119 Tuska z prezydentem Rosji W\u0142adimirem Putinem, wykonan\u0105 podczas spotkania na sopockim molo w 2009 roku.<\/p>\n<blockquote class=\"twitter-tweet\" data-width=\"550\" data-dnt=\"true\">\n<p lang=\"pl\" dir=\"ltr\">Premier Tusk chyba traci czujno\u015b\u0107 je\u015bli zaczyna licytacj\u0119 na zdj\u0119cia: <a href=\"https:\/\/t.co\/6uZrJRgocS\">pic.twitter.com\/6uZrJRgocS<\/a><\/p>\n<p>&mdash; Andrzej Duda (@AndrzejDuda) <a href=\"https:\/\/x.com\/AndrzejDuda\/status\/2094010048015913035?ref_src=twsrc%5Etfw\">August 30, 2026<\/a><\/p><\/blockquote>\n<p><script async src=\"https:\/\/platform.x.com\/widgets.js\" charset=\"utf-8\"><\/script><\/p>\n<p>Nied\u0142ugo p\u00f3\u017aniej by\u0142y prezydent zamie\u015bci\u0142 skan dokumentu z 2011 roku, w kt\u00f3rym S\u0142u\u017cba Kontrwywiadu Wojskowego zwraca\u0142a si\u0119 do \u00f3wczesnego premiera Tuska o zgod\u0119 na nawi\u0105zanie wsp\u00f3\u0142pracy m.in. ze s\u0142u\u017cbami specjalnymi Rosji. Tusk tak\u0105 zgod\u0119 wyda\u0142.<\/p>\n<p>\u2013 Premierze Tusk, czyj to podpis? Po agresji na Gruzj\u0119? Po katastrofie w Smole\u0144sku? \u2013 napisa\u0142 Duda.<\/p>\n<p>Jak ju\u017c pisali\u015bmy, do sprawy Zondacrypto odni\u00f3s\u0142 si\u0119 w sobot\u0119 r\u00f3wnie\u017c Karol Nawrocki. Prezydent zapewni\u0142, \u017ce ani on, ani jego ministrowie nie utrzymywali kontakt\u00f3w z przedstawicielami firmy. Zaprzeczy\u0142 te\u017c, aby kiedykolwiek rozmawia\u0142 z Przemys\u0142awem Kralem.<\/p>\n","protected":false},"excerpt":{"rendered":"<p>Donald Tusk i Andrzej Duda wdali si\u0119 w internetow\u0105 wymian\u0119 cios\u00f3w. Premier opublikowa\u0142 zdj\u0119cie by\u0142ego prezydenta z aresztowanym obecnie prezesem Polskiego Komitetu Olimpijskiego Rados\u0142awem Piesiewiczem.&hellip;<\/p>\n","protected":false},"author":57,"featured_media":251256,"comment_status":"open","ping_status":"open","sticky":false,"template":"","format":"standard","meta":{"footnotes":""},"categories":[569],"tags":[],"class_list":["post-251255","post","type-post","status-publish","format-standard","has-post-thumbnail","hentry","category-polska"],"_links":{"self":[{"href":"https:\/\/bejsment.com\/index.php\/wp-json\/wp\/v2\/posts\/251255","targetHints":{"allow":["GET"]}}],"collection":[{"href":"https:\/\/bejsment.com\/index.php\/wp-json\/wp\/v2\/posts"}],"about":[{"href":"https:\/\/bejsment.com\/index.php\/wp-json\/wp\/v2\/types\/post"}],"author":[{"embeddable":true,"href":"https:\/\/bejsment.com\/index.php\/wp-json\/wp\/v2\/users\/57"}],"replies":[{"embeddable":true,"href":"https:\/\/bejsment.com\/index.php\/wp-json\/wp\/v2\/comments?post=251255"}],"version-history":[{"count":1,"href":"https:\/\/bejsment.com\/index.php\/wp-json\/wp\/v2\/posts\/251255\/revisions"}],"predecessor-version":[{"id":251257,"href":"https:\/\/bejsment.com\/index.php\/wp-json\/wp\/v2\/posts\/251255\/revisions\/251257"}],"wp:featuredmedia":[{"embeddable":true,"href":"https:\/\/bejsment.com\/index.php\/wp-json\/wp\/v2\/media\/251256"}],"wp:attachment":[{"href":"https:\/\/bejsment.com\/index.php\/wp-json\/wp\/v2\/media?parent=251255"}],"wp:term":[{"taxonomy":"category","embeddable":true,"href":"https:\/\/bejsment.com\/index.php\/wp-json\/wp\/v2\/categories?post=251255"},{"taxonomy":"post_tag","embeddable":true,"href":"https:\/\/bejsment.com\/index.php\/wp-json\/wp\/v2\/tags?post=251255"}],"curies":[{"name":"wp","href":"https:\/\/api.w.org\/{rel}","templated":true}]}}