{"id":251287,"date":"2026-08-31T07:00:07","date_gmt":"2026-08-31T11:00:07","guid":{"rendered":"https:\/\/bejsment.com\/?p=251287"},"modified":"2026-08-31T07:00:18","modified_gmt":"2026-08-31T11:00:18","slug":"marta-nawrocka-do-mlodych-polek-nie-bojmy-sie-zostac-matkami","status":"publish","type":"post","link":"https:\/\/bejsment.com\/index.php\/2026\/08\/31\/marta-nawrocka-do-mlodych-polek-nie-bojmy-sie-zostac-matkami\/","title":{"rendered":"Marta Nawrocka do m\u0142odych Polek: Nie b\u00f3jmy si\u0119 zosta\u0107 matkami"},"content":{"rendered":"<p><img loading=\"lazy\" decoding=\"async\" class=\"aligncenter size-custom-full-size wp-image-251288\" src=\"https:\/\/bejsment.com\/wp-content\/uploads\/2026\/08\/aamartanawrocka3-636x477.jpg\" alt=\"\" width=\"636\" height=\"477\" srcset=\"https:\/\/bejsment.com\/wp-content\/uploads\/2026\/08\/aamartanawrocka3-636x477.jpg 636w, https:\/\/bejsment.com\/wp-content\/uploads\/2026\/08\/aamartanawrocka3-300x225.jpg 300w, https:\/\/bejsment.com\/wp-content\/uploads\/2026\/08\/aamartanawrocka3-768x576.jpg 768w, https:\/\/bejsment.com\/wp-content\/uploads\/2026\/08\/aamartanawrocka3-97x73.jpg 97w, https:\/\/bejsment.com\/wp-content\/uploads\/2026\/08\/aamartanawrocka3-250x188.jpg 250w, https:\/\/bejsment.com\/wp-content\/uploads\/2026\/08\/aamartanawrocka3.jpg 960w\" sizes=\"auto, (max-width: 636px) 100vw, 636px\" \/><\/p>\n<p><strong>Marta Nawrocka spotka\u0142a si\u0119 w Juracie z m\u0142odymi Polkami. Podczas rozmowy pierwsza dama m\u00f3wi\u0142a m.in. o zak\u0142adaniu rodziny i macierzy\u0144stwie, odwo\u0142uj\u0105c si\u0119 tak\u017ce do w\u0142asnych do\u015bwiadcze\u0144. Jej apel wywo\u0142a\u0142 dyskusj\u0119 w mediach spo\u0142eczno\u015bciowych.<\/strong><\/p>\n<p>Spotkanie odby\u0142o si\u0119 podczas wydarzenia \u201ePrzysz\u0142o\u015b\u0107.pl\u201d, zorganizowanego przez Kancelari\u0119 Prezydenta z my\u015bl\u0105 o m\u0142odym pokoleniu. W weekend w prezydenckiej rezydencji w Juracie odbywa\u0142y si\u0119 spotkania i dyskusje z udzia\u0142em prezydenta Karola Nawrockiego i pierwszej damy.<\/p>\n<p>Marta Nawrocka rozmawia\u0142a z m\u0142odymi kobietami m.in. o decyzji o za\u0142o\u017ceniu rodziny oraz wyzwaniach zwi\u0105zanych z macierzy\u0144stwem. Na nagraniu opublikowanym przez \u201eFakt\u201d pierwsza dama zwr\u00f3ci\u0142a si\u0119 bezpo\u015brednio do uczestniczek.<\/p>\n<p>\u2013 My\u015bl\u0119, \u017ce to jest taka si\u0142a. Nie b\u00f3jmy si\u0119 po prostu zosta\u0107 matkami. O, tak mog\u0119 powiedzie\u0107. Nie ba\u0107 si\u0119, nie ba\u0107 si\u0119! \u2013 powiedzia\u0142a.<\/p>\n<p>Wypowied\u017a szybko zacz\u0119\u0142a by\u0107 komentowana w internecie. Cz\u0119\u015b\u0107 internaut\u00f3w zwraca\u0142a uwag\u0119, \u017ce na decyzj\u0119 o posiadaniu dzieci wp\u0142ywaj\u0105 przede wszystkim sytuacja materialna, dost\u0119pno\u015b\u0107 mieszka\u0144 oraz poczucie bezpiecze\u0144stwa finansowego.<\/p>\n<p>\u201eNie b\u0119d\u0119 si\u0119 ba\u0107 za\u0142o\u017cy\u0107 rodziny, gdy b\u0119dzie mnie na ni\u0105 sta\u0107\u201d \u2013 napisa\u0142a jedna z komentuj\u0105cych os\u00f3b. Inni przekonywali, \u017ce zach\u0119caniu m\u0142odych ludzi do rodzicielstwa powinny towarzyszy\u0107 dzia\u0142ania poprawiaj\u0105ce ich warunki \u017cycia.<\/p>\n<p>Marta Nawrocka sama jest matk\u0105 trojga dzieci. Najstarszego syna Daniela urodzi\u0142a w wieku 17 lat. Z Karolem Nawrockim wychowuje r\u00f3wnie\u017c syna Antoniego i c\u00f3rk\u0119 Katarzyn\u0119.<\/p>\n","protected":false},"excerpt":{"rendered":"<p>Marta Nawrocka spotka\u0142a si\u0119 w Juracie z m\u0142odymi Polkami. Podczas rozmowy pierwsza dama m\u00f3wi\u0142a m.in. o zak\u0142adaniu rodziny i macierzy\u0144stwie, odwo\u0142uj\u0105c si\u0119 tak\u017ce do w\u0142asnych&hellip;<\/p>\n","protected":false},"author":57,"featured_media":249831,"comment_status":"open","ping_status":"open","sticky":false,"template":"","format":"standard","meta":{"footnotes":""},"categories":[569,3],"tags":[],"class_list":["post-251287","post","type-post","status-publish","format-standard","has-post-thumbnail","hentry","category-polska","category-top-news"],"_links":{"self":[{"href":"https:\/\/bejsment.com\/index.php\/wp-json\/wp\/v2\/posts\/251287","targetHints":{"allow":["GET"]}}],"collection":[{"href":"https:\/\/bejsment.com\/index.php\/wp-json\/wp\/v2\/posts"}],"about":[{"href":"https:\/\/bejsment.com\/index.php\/wp-json\/wp\/v2\/types\/post"}],"author":[{"embeddable":true,"href":"https:\/\/bejsment.com\/index.php\/wp-json\/wp\/v2\/users\/57"}],"replies":[{"embeddable":true,"href":"https:\/\/bejsment.com\/index.php\/wp-json\/wp\/v2\/comments?post=251287"}],"version-history":[{"count":1,"href":"https:\/\/bejsment.com\/index.php\/wp-json\/wp\/v2\/posts\/251287\/revisions"}],"predecessor-version":[{"id":251289,"href":"https:\/\/bejsment.com\/index.php\/wp-json\/wp\/v2\/posts\/251287\/revisions\/251289"}],"wp:featuredmedia":[{"embeddable":true,"href":"https:\/\/bejsment.com\/index.php\/wp-json\/wp\/v2\/media\/249831"}],"wp:attachment":[{"href":"https:\/\/bejsment.com\/index.php\/wp-json\/wp\/v2\/media?parent=251287"}],"wp:term":[{"taxonomy":"category","embeddable":true,"href":"https:\/\/bejsment.com\/index.php\/wp-json\/wp\/v2\/categories?post=251287"},{"taxonomy":"post_tag","embeddable":true,"href":"https:\/\/bejsment.com\/index.php\/wp-json\/wp\/v2\/tags?post=251287"}],"curies":[{"name":"wp","href":"https:\/\/api.w.org\/{rel}","templated":true}]}}