{"id":251329,"date":"2026-08-31T17:00:43","date_gmt":"2026-08-31T21:00:43","guid":{"rendered":"https:\/\/bejsment.com\/?p=251329"},"modified":"2026-08-31T17:00:43","modified_gmt":"2026-08-31T21:00:43","slug":"kardynal-z-quebecu-wygrywa-proces-o-znieslawienie-na-kwote-100-tys-dolarow-w-zwiazku-z-oskarzeniami-o-napasc-seksualna-na-kobiete","status":"publish","type":"post","link":"https:\/\/bejsment.com\/index.php\/2026\/08\/31\/kardynal-z-quebecu-wygrywa-proces-o-znieslawienie-na-kwote-100-tys-dolarow-w-zwiazku-z-oskarzeniami-o-napasc-seksualna-na-kobiete\/","title":{"rendered":"Kardyna\u0142 z Quebecu wygrywa proces o znies\u0142awienie na kwot\u0119 100 tys. dolar\u00f3w w zwi\u0105zku z oskar\u017ceniami o napa\u015b\u0107 seksualn\u0105 na kobiet\u0119"},"content":{"rendered":"<p><span style=\"font-weight: 400;\">S\u0119dzia S\u0105du Najwy\u017cszego prowincji Quebec wyda\u0142 orzeczenie na korzy\u015b\u0107 kardyna\u0142a Marca Ouelleta w pozwie o znies\u0142awienie wytoczonym Pam\u00e9li Groleau, nakazuj\u0105c jej zap\u0142at\u0119 kardyna\u0142owi 100 000 dolar\u00f3w odszkodowania.<\/span><\/p>\n<p><span style=\"font-weight: 400;\">Kardyna\u0142 Ouellet wni\u00f3s\u0142 pozew, argumentuj\u0105c, \u017ce Pam\u00e9la\u00a0 Groleau zaszkodzi\u0142a jego reputacji, honorowi i godno\u015bci, po tym jak wymieni\u0142a go z nazwiska w pozwie zbiorowym z 2022 r., w kt\u00f3rym zarzucono niew\u0142a\u015bciwe zachowanie seksualne cz\u0142onkom archidiecezji Quebecu.<\/span><\/p>\n<p><span style=\"font-weight: 400;\">Groleau twierdzi\u0142a, \u017ce \u200b\u200bspotyka\u0142a si\u0119 z kardyna\u0142em kilkakrotnie w latach 2008\u20132010, gdy odbywa\u0142a szkolenie lub pracowa\u0142a jako \u015bwiecka duszpasterka Ko\u015bcio\u0142a katolickiego. Twierdzi\u0142a r\u00f3wnie\u017c, \u017ce Ouellet dopu\u015bci\u0142 si\u0119 wobec niej r\u00f3\u017cnych form niew\u0142a\u015bciwego zachowania, w tym niechcianego dotykania.<\/span><\/p>\n<p><span style=\"font-weight: 400;\">Groleau po raz pierwszy zg\u0142osi\u0142a swoje zarzuty anonimowo w 2008 r. ko\u015bcielnemu komitetowi doradczemu, a p\u00f3\u017aniej w 2021 r. w skardze skierowanej do papie\u017ca Franciszka, kt\u00f3ra zosta\u0142a odrzucona w 2022 r. \u2014 w tym samym roku do\u0142\u0105czy\u0142a do pozwu zbiorowego.<\/span><\/p>\n<p><span style=\"font-weight: 400;\">S\u0119dzia Martin Castonguay oddali\u0142 oskar\u017cenia, uznaj\u0105c wersj\u0119 wydarze\u0144 przedstawion\u0105 przez Groleau za niewiarygodn\u0105.<\/span><\/p>\n<p><span style=\"font-weight: 400;\">W swoim 52-stronicowym orzeczeniu z poniedzia\u0142ku Castonguay napisa\u0142, \u017ce Groleau zachowa\u0142a si\u0119 \u201enierozwa\u017cnie, a nawet z\u0142o\u015bliwie\u201d wobec kardyna\u0142a i nie post\u0105pi\u0142a jak \u201erozs\u0105dna osoba\u201d.<\/span><\/p>\n<p><span style=\"font-weight: 400;\">Castonguay napisa\u0142, \u017ce Groleau, niezadowolona ze sposobu, w jaki potraktowano jej skarg\u0119 do papie\u017ca Franciszka, postanowi\u0142a zmieni\u0107 wersj\u0119 wydarze\u0144, aby zwr\u00f3ci\u0107 uwag\u0119 opinii publicznej.<\/span><\/p>\n<p><span style=\"font-weight: 400;\">S\u0119dzia zauwa\u017cy\u0142, \u017ce dowody jednoznacznie wykaza\u0142y, i\u017c oskar\u017cenia by\u0142y bezpodstawne i \u017ce sama Groleau ostatecznie stwierdzi\u0142a, \u017ce \u200b\u200btylko jedno z domniemanych zachowa\u0144 uzna\u0142a za napa\u015b\u0107 na tle seksualnym.<\/span><\/p>\n<p><span style=\"font-weight: 400;\">\u201eOdno\u015bnie tego konkretnego incydentu, Groleau przyzna\u0142a, \u017ce zmieni\u0142a swoj\u0105 relacj\u0119, stwierdzaj\u0105c, \u017ce kardyna\u0142 Ouellet dotkn\u0105\u0142 jej po\u015bladk\u00f3w, maj\u0105c pe\u0142n\u0105 \u015bwiadomo\u015b\u0107, \u017ce przeci\u0119tny cz\u0142owiek zinterpretowa\u0142by to jako dotkni\u0119cie krzywizny po\u015bladk\u00f3w\u201d \u2013 napisa\u0142 Castonguay \u2013 \u201eco nie mia\u0142o miejsca w rzeczywisto\u015bci, ani w jej wcze\u015bniejszych wersjach\u201d.<\/span><\/p>\n<p><span style=\"font-weight: 400;\">Groleau, jak stwierdzi\u0142 s\u0119dzia, nie wykaza\u0142a \u017cadnego szacunku dla praw Ouellet, w tym jego prawa do dobrej reputacji, gdy w sierpniu 2022 r. oskar\u017cy\u0142a go o molestowanie seksualne.<\/span><\/p>\n<p><span style=\"font-weight: 400;\">S\u0119dzia doda\u0142, \u017ce szkod\u0119 dla reputacji Ouelleta pog\u0142\u0119bi\u0142 fakt, i\u017c pozew zbiorowy przeciwko archidiecezji Quebecu w przewa\u017caj\u0105cej mierze dotyczy\u0142 duchownych i os\u00f3b \u015bwieckich oskar\u017conych o pedofili\u0119.<\/span><\/p>\n<p><span style=\"font-weight: 400;\">W swojej decyzji wyja\u015bni\u0142, \u017ce aby m\u00f3c wnie\u015b\u0107 roszczenie o znies\u0142awienie, musz\u0105 zosta\u0107 spe\u0142nione cztery warunki, w tym: fa\u0142szywe oskar\u017cenia, oskar\u017cenia nieistotne dla sporu, oskar\u017cenia zg\u0142oszone ze z\u0142o\u015bliwo\u015bci\u0105 lub z tak\u0105 lekkomy\u015blno\u015bci\u0105, \u017ce mo\u017cna je uzna\u0107 za z\u0142o\u015bliwo\u015b\u0107, oraz oskar\u017cenia zg\u0142oszone bez uzasadnionej przyczyny.<\/span><\/p>\n<p><span style=\"font-weight: 400;\">Podczas procesu, kt\u00f3ry odby\u0142 si\u0119 w marcu,<\/span><span style=\"font-weight: 400;\"> Justin Wee, prawnik Groleau, argumentowa\u0142, \u017ce jego klientka nie znies\u0142awi\u0142a Ouelleta, poniewa\u017c jej zarzuty by\u0142y prawdziwe i nie mia\u0142a zamiaru skrzywdzi\u0107 duchownego.<\/span><span style=\"font-weight: 400;\"><br \/>\n<\/span><span style=\"font-weight: 400;\"><br \/>\n<\/span><span style=\"font-weight: 400;\">Stwierdzi\u0142 r\u00f3wnie\u017c, \u017ce medialne zainteresowanie spraw\u0105 nie mog\u0142o by\u0107 jej przypisane.<\/span><span style=\"font-weight: 400;\"><br \/>\n<\/span><span style=\"font-weight: 400;\"><br \/>\n<\/span><span style=\"font-weight: 400;\">Prawnicy Groleau poinformowali w poniedzia\u0142ek Radio-Canada, \u017ce \u200b\u200bnie b\u0119d\u0105 komentowa\u0107 sprawy i nie poinformowali, czy odwo\u0142aj\u0105 si\u0119 od tej decyzji.<\/span><\/p>\n<p><span style=\"font-weight: 400;\">Ouellet zobowi\u0105za\u0142 si\u0119 przekaza\u0107 wszelkie kwoty uzyskane z pozwu na walk\u0119 z wykorzystywaniem seksualnym, kt\u00f3rego ofiar\u0105 padaj\u0105 rdzenni mieszka\u0144cy Kanady.<\/span><\/p>\n","protected":false},"excerpt":{"rendered":"<p>S\u0119dzia S\u0105du Najwy\u017cszego prowincji Quebec wyda\u0142 orzeczenie na korzy\u015b\u0107 kardyna\u0142a Marca Ouelleta w pozwie o znies\u0142awienie wytoczonym Pam\u00e9li Groleau, nakazuj\u0105c jej zap\u0142at\u0119 kardyna\u0142owi 100 000&hellip;<\/p>\n","protected":false},"author":700,"featured_media":251331,"comment_status":"open","ping_status":"open","sticky":false,"template":"","format":"standard","meta":{"footnotes":""},"categories":[19,3],"tags":[],"class_list":["post-251329","post","type-post","status-publish","format-standard","has-post-thumbnail","hentry","category-kanada-2","category-top-news"],"_links":{"self":[{"href":"https:\/\/bejsment.com\/index.php\/wp-json\/wp\/v2\/posts\/251329","targetHints":{"allow":["GET"]}}],"collection":[{"href":"https:\/\/bejsment.com\/index.php\/wp-json\/wp\/v2\/posts"}],"about":[{"href":"https:\/\/bejsment.com\/index.php\/wp-json\/wp\/v2\/types\/post"}],"author":[{"embeddable":true,"href":"https:\/\/bejsment.com\/index.php\/wp-json\/wp\/v2\/users\/700"}],"replies":[{"embeddable":true,"href":"https:\/\/bejsment.com\/index.php\/wp-json\/wp\/v2\/comments?post=251329"}],"version-history":[{"count":1,"href":"https:\/\/bejsment.com\/index.php\/wp-json\/wp\/v2\/posts\/251329\/revisions"}],"predecessor-version":[{"id":251332,"href":"https:\/\/bejsment.com\/index.php\/wp-json\/wp\/v2\/posts\/251329\/revisions\/251332"}],"wp:featuredmedia":[{"embeddable":true,"href":"https:\/\/bejsment.com\/index.php\/wp-json\/wp\/v2\/media\/251331"}],"wp:attachment":[{"href":"https:\/\/bejsment.com\/index.php\/wp-json\/wp\/v2\/media?parent=251329"}],"wp:term":[{"taxonomy":"category","embeddable":true,"href":"https:\/\/bejsment.com\/index.php\/wp-json\/wp\/v2\/categories?post=251329"},{"taxonomy":"post_tag","embeddable":true,"href":"https:\/\/bejsment.com\/index.php\/wp-json\/wp\/v2\/tags?post=251329"}],"curies":[{"name":"wp","href":"https:\/\/api.w.org\/{rel}","templated":true}]}}