{"id":251346,"date":"2026-09-01T07:00:07","date_gmt":"2026-09-01T11:00:07","guid":{"rendered":"https:\/\/bejsment.com\/?p=251346"},"modified":"2026-09-01T06:37:02","modified_gmt":"2026-09-01T10:37:02","slug":"nawrocki-do-tuska-i-kanclerza-niemiec-to-nie-jest-realny-sojusz-i-realna-przyjazn","status":"publish","type":"post","link":"https:\/\/bejsment.com\/index.php\/2026\/09\/01\/nawrocki-do-tuska-i-kanclerza-niemiec-to-nie-jest-realny-sojusz-i-realna-przyjazn\/","title":{"rendered":"Nawrocki do Tuska i kanclerza Niemiec: \u201eTo nie jest realny sojusz i realna przyja\u017a\u0144&#8221;"},"content":{"rendered":"<p><img loading=\"lazy\" decoding=\"async\" class=\"aligncenter size-custom-full-size wp-image-251347\" src=\"https:\/\/bejsment.com\/wp-content\/uploads\/2026\/09\/aanawrockiwesterplatte-636x358.jpg\" alt=\"\" width=\"636\" height=\"358\" srcset=\"https:\/\/bejsment.com\/wp-content\/uploads\/2026\/09\/aanawrockiwesterplatte-636x358.jpg 636w, https:\/\/bejsment.com\/wp-content\/uploads\/2026\/09\/aanawrockiwesterplatte-300x169.jpg 300w, https:\/\/bejsment.com\/wp-content\/uploads\/2026\/09\/aanawrockiwesterplatte-768x432.jpg 768w, https:\/\/bejsment.com\/wp-content\/uploads\/2026\/09\/aanawrockiwesterplatte-130x73.jpg 130w, https:\/\/bejsment.com\/wp-content\/uploads\/2026\/09\/aanawrockiwesterplatte-250x141.jpg 250w, https:\/\/bejsment.com\/wp-content\/uploads\/2026\/09\/aanawrockiwesterplatte.jpg 1200w\" sizes=\"auto, (max-width: 636px) 100vw, 636px\" \/><\/p>\n<p><strong>Prezydent Karol Nawrocki podczas obchod\u00f3w 87. rocznicy wybuchu II wojny \u015bwiatowej na Westerplatte wezwa\u0142 Niemcy do wyp\u0142acenia Polsce reparacji. Jego zdaniem otrzymane pieni\u0105dze mog\u0142yby zosta\u0107 przeznaczone na wzmocnienie polskich si\u0142 zbrojnych.<\/strong><\/p>\n<p>\u2013 Za\u0142atwmy spraw\u0119 reparacji i zado\u015b\u0107uczynienia z my\u015bl\u0105 o sprawiedliwo\u015bci historycznej, ale z my\u015bl\u0105 o przysz\u0142o\u015bci \u2013 zwr\u00f3ci\u0142 si\u0119 do kanclerza i spo\u0142ecze\u0144stwa Niemiec.<\/p>\n<p>Nawrocki przekonywa\u0142, \u017ce reparacje s\u0105 Polsce nale\u017cne nie tylko ze wzgl\u0119du na przesz\u0142o\u015b\u0107. Wed\u0142ug niego mog\u0142yby dzisiaj s\u0142u\u017cy\u0107 bezpiecze\u0144stwu ca\u0142ej Europy i stanowi\u0107 dow\u00f3d rzeczywistego sojuszu polsko-niemieckiego.<\/p>\n<p>\u2013 Prawdziwa, twarda, sojusznicza deklaracja wobec Polski wymaga tego, aby nasi sojusznicy z Berlina i nasi s\u0105siedzi wyp\u0142acili nam zado\u015b\u0107uczynienie, kt\u00f3re Polska przeka\u017ce na si\u0142y zbrojne \u2013 powiedzia\u0142.<\/p>\n<p>Prezydent skrytykowa\u0142 r\u00f3wnie\u017c brak w Berlinie pomnika po\u015bwi\u0119conego polskim ofiarom II wojny \u015bwiatowej oraz sytuacj\u0119 polskiej mniejszo\u015bci w Niemczech.<\/p>\n<p>\u2013 To nie jest realny sojusz i realna przyja\u017a\u0144, je\u015bli nie mo\u017cemy postawi\u0107 pomnika polskich ofiar II wojny \u015bwiatowej w Berlinie. Je\u015bli polska mniejszo\u015b\u0107 w Niemczech nie ma takich samych praw jak niemiecka w Polsce \u2013 stwierdzi\u0142.<\/p>\n<p>Nawrocki zaapelowa\u0142 do premiera Donalda Tuska, przedstawicieli rz\u0105du oraz wszystkich ugrupowa\u0144 parlamentarnych o wsp\u00f3lne dzia\u0142ania w tej sprawie.<\/p>\n<p>Uroczysto\u015bci na Westerplatte rozpocz\u0119\u0142y si\u0119 przed godz. 4.45 \u2013 o godzinie niemieckiego ataku na polsk\u0105 Wojskow\u0105 Sk\u0142adnic\u0119 Tranzytow\u0105 1 wrze\u015bnia 1939 roku. Jej obro\u0144cy stawiali op\u00f3r do 7 wrze\u015bnia.<\/p>\n","protected":false},"excerpt":{"rendered":"<p>Prezydent Karol Nawrocki podczas obchod\u00f3w 87. rocznicy wybuchu II wojny \u015bwiatowej na Westerplatte wezwa\u0142 Niemcy do wyp\u0142acenia Polsce reparacji. Jego zdaniem otrzymane pieni\u0105dze mog\u0142yby zosta\u0107&hellip;<\/p>\n","protected":false},"author":57,"featured_media":251347,"comment_status":"open","ping_status":"open","sticky":false,"template":"","format":"standard","meta":{"footnotes":""},"categories":[569,3],"tags":[],"class_list":["post-251346","post","type-post","status-publish","format-standard","has-post-thumbnail","hentry","category-polska","category-top-news"],"_links":{"self":[{"href":"https:\/\/bejsment.com\/index.php\/wp-json\/wp\/v2\/posts\/251346","targetHints":{"allow":["GET"]}}],"collection":[{"href":"https:\/\/bejsment.com\/index.php\/wp-json\/wp\/v2\/posts"}],"about":[{"href":"https:\/\/bejsment.com\/index.php\/wp-json\/wp\/v2\/types\/post"}],"author":[{"embeddable":true,"href":"https:\/\/bejsment.com\/index.php\/wp-json\/wp\/v2\/users\/57"}],"replies":[{"embeddable":true,"href":"https:\/\/bejsment.com\/index.php\/wp-json\/wp\/v2\/comments?post=251346"}],"version-history":[{"count":1,"href":"https:\/\/bejsment.com\/index.php\/wp-json\/wp\/v2\/posts\/251346\/revisions"}],"predecessor-version":[{"id":251348,"href":"https:\/\/bejsment.com\/index.php\/wp-json\/wp\/v2\/posts\/251346\/revisions\/251348"}],"wp:featuredmedia":[{"embeddable":true,"href":"https:\/\/bejsment.com\/index.php\/wp-json\/wp\/v2\/media\/251347"}],"wp:attachment":[{"href":"https:\/\/bejsment.com\/index.php\/wp-json\/wp\/v2\/media?parent=251346"}],"wp:term":[{"taxonomy":"category","embeddable":true,"href":"https:\/\/bejsment.com\/index.php\/wp-json\/wp\/v2\/categories?post=251346"},{"taxonomy":"post_tag","embeddable":true,"href":"https:\/\/bejsment.com\/index.php\/wp-json\/wp\/v2\/tags?post=251346"}],"curies":[{"name":"wp","href":"https:\/\/api.w.org\/{rel}","templated":true}]}}