{"id":251375,"date":"2026-09-01T16:00:22","date_gmt":"2026-09-01T20:00:22","guid":{"rendered":"https:\/\/bejsment.com\/?p=251375"},"modified":"2026-09-01T09:26:57","modified_gmt":"2026-09-01T13:26:57","slug":"pomnik-polskich-ofiar-wojny-powstanie-w-berlinie-budowa-ruszy-w-2027-roku","status":"publish","type":"post","link":"https:\/\/bejsment.com\/index.php\/2026\/09\/01\/pomnik-polskich-ofiar-wojny-powstanie-w-berlinie-budowa-ruszy-w-2027-roku\/","title":{"rendered":"Pomnik polskich ofiar wojny powstanie w Berlinie. Budowa ruszy w 2027 roku"},"content":{"rendered":"<p><img loading=\"lazy\" decoding=\"async\" class=\"aligncenter size-custom-full-size wp-image-251376\" src=\"https:\/\/bejsment.com\/wp-content\/uploads\/2026\/09\/aaberlin-636x477.jpg\" alt=\"\" width=\"636\" height=\"477\" srcset=\"https:\/\/bejsment.com\/wp-content\/uploads\/2026\/09\/aaberlin-636x477.jpg 636w, https:\/\/bejsment.com\/wp-content\/uploads\/2026\/09\/aaberlin-300x225.jpg 300w, https:\/\/bejsment.com\/wp-content\/uploads\/2026\/09\/aaberlin-768x576.jpg 768w, https:\/\/bejsment.com\/wp-content\/uploads\/2026\/09\/aaberlin-97x73.jpg 97w, https:\/\/bejsment.com\/wp-content\/uploads\/2026\/09\/aaberlin-250x188.jpg 250w, https:\/\/bejsment.com\/wp-content\/uploads\/2026\/09\/aaberlin.jpg 960w\" sizes=\"auto, (max-width: 636px) 100vw, 636px\" \/><\/p>\n<p><strong>Budowa pomnika po\u015bwi\u0119conego polskim ofiarom II wojny \u015bwiatowej i niemieckiej okupacji rozpocznie si\u0119 w Berlinie w 2027 roku \u2013 zapowiedzia\u0142 niemiecki minister stanu ds. kultury i medi\u00f3w Wolfram Weimer.<\/strong><\/p>\n<p>Monument stanie w centrum niemieckiej stolicy, na terenie dawnej Opery Krolla, niedaleko Bundestagu i Urz\u0119du Kanclerskiego. Do ko\u0144ca tego roku ma zosta\u0107 rozstrzygni\u0119ty mi\u0119dzynarodowy konkurs na jego projekt. Niemiecki rz\u0105d przeznaczy\u0142 na konkurs i realizacj\u0119 pomnika \u0142\u0105cznie 5 mln euro.<\/p>\n<p>\u2013 Wojna i okupacja niemiecka przynios\u0142y Polsce i jej mieszka\u0144com niezmierzone cierpienie. Dzi\u015b upami\u0119tniamy miliony ludzi, kt\u00f3rzy zostali zamordowani, wyp\u0119dzeni i ograbieni z dom\u00f3w \u2013 powiedzia\u0142 Weimer.<\/p>\n<p>Obecnie w miejscu przysz\u0142ego monumentu znajduje si\u0119 ods\u0142oni\u0119ty w czerwcu 2025 roku g\u0142az b\u0119d\u0105cy tymczasowym upami\u0119tnieniem polskich ofiar. Wyryto na nim napis: \u201ePolskim ofiarom nazizmu i ofiarom niemieckiej okupacji i terroru w Polsce 1939\u20131945\u201d.<\/p>\n<p>Ta forma upami\u0119tnienia spotka\u0142a si\u0119 w Polsce z krytyk\u0105 jako zbyt skromna i nieadekwatna do rozmiar\u00f3w niemieckich zbrodni.<\/p>\n<p>Zapowied\u017a Weimera zbieg\u0142a si\u0119 z 87. rocznic\u0105 niemieckiej napa\u015bci na Polsk\u0119. Podczas uroczysto\u015bci na Westerplatte prezydent Karol Nawrocki m\u00f3wi\u0142, \u017ce brak w\u0142a\u015bciwego pomnika polskich ofiar w Berlinie jest jednym z problem\u00f3w w relacjach polsko-niemieckich.<\/p>\n<p>Niemiecki Bundestag ju\u017c wcze\u015bniej zdecydowa\u0142, \u017ce w centrum Berlina powinno powsta\u0107 sta\u0142e miejsce pami\u0119ci po\u015bwi\u0119cone Polakom i ofiarom niemieckiej okupacji.<\/p>\n","protected":false},"excerpt":{"rendered":"<p>Budowa pomnika po\u015bwi\u0119conego polskim ofiarom II wojny \u015bwiatowej i niemieckiej okupacji rozpocznie si\u0119 w Berlinie w 2027 roku \u2013 zapowiedzia\u0142 niemiecki minister stanu ds. kultury&hellip;<\/p>\n","protected":false},"author":57,"featured_media":251377,"comment_status":"open","ping_status":"open","sticky":false,"template":"","format":"standard","meta":{"footnotes":""},"categories":[570,3],"tags":[],"class_list":["post-251375","post","type-post","status-publish","format-standard","has-post-thumbnail","hentry","category-swiat","category-top-news"],"_links":{"self":[{"href":"https:\/\/bejsment.com\/index.php\/wp-json\/wp\/v2\/posts\/251375","targetHints":{"allow":["GET"]}}],"collection":[{"href":"https:\/\/bejsment.com\/index.php\/wp-json\/wp\/v2\/posts"}],"about":[{"href":"https:\/\/bejsment.com\/index.php\/wp-json\/wp\/v2\/types\/post"}],"author":[{"embeddable":true,"href":"https:\/\/bejsment.com\/index.php\/wp-json\/wp\/v2\/users\/57"}],"replies":[{"embeddable":true,"href":"https:\/\/bejsment.com\/index.php\/wp-json\/wp\/v2\/comments?post=251375"}],"version-history":[{"count":1,"href":"https:\/\/bejsment.com\/index.php\/wp-json\/wp\/v2\/posts\/251375\/revisions"}],"predecessor-version":[{"id":251378,"href":"https:\/\/bejsment.com\/index.php\/wp-json\/wp\/v2\/posts\/251375\/revisions\/251378"}],"wp:featuredmedia":[{"embeddable":true,"href":"https:\/\/bejsment.com\/index.php\/wp-json\/wp\/v2\/media\/251377"}],"wp:attachment":[{"href":"https:\/\/bejsment.com\/index.php\/wp-json\/wp\/v2\/media?parent=251375"}],"wp:term":[{"taxonomy":"category","embeddable":true,"href":"https:\/\/bejsment.com\/index.php\/wp-json\/wp\/v2\/categories?post=251375"},{"taxonomy":"post_tag","embeddable":true,"href":"https:\/\/bejsment.com\/index.php\/wp-json\/wp\/v2\/tags?post=251375"}],"curies":[{"name":"wp","href":"https:\/\/api.w.org\/{rel}","templated":true}]}}