{"id":251487,"date":"2026-09-03T07:00:59","date_gmt":"2026-09-03T11:00:59","guid":{"rendered":"https:\/\/bejsment.com\/?p=251487"},"modified":"2026-09-03T05:33:29","modified_gmt":"2026-09-03T09:33:29","slug":"berek-blizej-trybunalu-konstytucyjnego","status":"publish","type":"post","link":"https:\/\/bejsment.com\/index.php\/2026\/09\/03\/berek-blizej-trybunalu-konstytucyjnego\/","title":{"rendered":"Berek bli\u017cej Trybuna\u0142u Konstytucyjnego"},"content":{"rendered":"<div id=\"attachment_251489\" style=\"width: 646px\" class=\"wp-caption aligncenter\"><img loading=\"lazy\" decoding=\"async\" aria-describedby=\"caption-attachment-251489\" class=\"size-custom-full-size wp-image-251489\" src=\"https:\/\/bejsment.com\/wp-content\/uploads\/2026\/09\/aatuskberek-636x478.jpg\" alt=\"\" width=\"636\" height=\"478\" srcset=\"https:\/\/bejsment.com\/wp-content\/uploads\/2026\/09\/aatuskberek-636x478.jpg 636w, https:\/\/bejsment.com\/wp-content\/uploads\/2026\/09\/aatuskberek-300x225.jpg 300w, https:\/\/bejsment.com\/wp-content\/uploads\/2026\/09\/aatuskberek-768x577.jpg 768w, https:\/\/bejsment.com\/wp-content\/uploads\/2026\/09\/aatuskberek-97x73.jpg 97w, https:\/\/bejsment.com\/wp-content\/uploads\/2026\/09\/aatuskberek-250x188.jpg 250w, https:\/\/bejsment.com\/wp-content\/uploads\/2026\/09\/aatuskberek.jpg 840w\" sizes=\"auto, (max-width: 636px) 100vw, 636px\" \/><p id=\"caption-attachment-251489\" class=\"wp-caption-text\">Premier Donald Tusk i Maciej Berek<\/p><\/div>\n<p><strong>Sejmowa Komisja Sprawiedliwo\u015bci i Praw Cz\u0142owieka pozytywnie zaopiniowa\u0142a w czwartek kandydatur\u0119 Macieja Berka na s\u0119dziego Trybuna\u0142u Konstytucyjnego. Ostateczn\u0105 decyzj\u0119 podejmie Sejm.<\/strong><\/p>\n<p>Berek do niedawna by\u0142 ministrem odpowiedzialnym za nadz\u00f3r nad wdra\u017caniem polityki rz\u0105du i jednym z najbli\u017cszych wsp\u00f3\u0142pracownik\u00f3w Donalda Tuska. Premier, informuj\u0105c o jego odej\u015bciu z gabinetu, nazwa\u0142 go swoj\u0105 \u201epraw\u0105 r\u0119k\u0105\u201d.<\/p>\n<p>Kandydatura by\u0142ego ministra wzbudzi\u0142a jednak zastrze\u017cenia nie tylko opozycji. Dziewi\u0119\u0107 organizacji pozarz\u0105dowych, w tym Helsi\u0144ska Fundacja Praw Cz\u0142owieka, Fundacja Batorego i Panoptykon, zaapelowa\u0142o do Berka o rezygnacj\u0119 z kandydowania. W\u0105tpliwo\u015bci wyra\u017cali r\u00f3wnie\u017c byli prezesi TK Andrzej Zoll i Jerzy St\u0119pie\u0144.<\/p>\n<p>Krytycy wskazuj\u0105 przede wszystkim na bezpo\u015brednie przej\u015bcie z rz\u0105du do Trybuna\u0142u. Pojawi\u0142y si\u0119 tak\u017ce pytania, czy Berek spe\u0142nia wszystkie ustawowe wymagania dotycz\u0105ce do\u015bwiadczenia prawniczego.<\/p>\n<p>Do sprawy odni\u00f3s\u0142 si\u0119 rzecznik prezydenta Rafa\u0142 Le\u015bkiewicz.<\/p>\n<p>\u2013 Kandydatura do niedawna cz\u0142onka rz\u0105du, cz\u0142owieka, kt\u00f3ry odpowiada\u0142 za koordynacj\u0119 prac legislacyjnych, cz\u0142owieka, kt\u00f3ry odpowiada\u0142 za niepublikowanie orzecze\u0144 Trybuna\u0142u Konstytucyjnego \u2013 \u017ceby teraz ten cz\u0142owiek trafia\u0142 do Trybuna\u0142u Konstytucyjnego? To krok za daleko \u2013 powiedzia\u0142.<\/p>\n<p>Le\u015bkiewicz nie przes\u0105dzi\u0142, czy prezydent Karol Nawrocki przyjmie \u015blubowanie od Berka, je\u015bli ten zostanie wybrany przez Sejm. Stwierdzi\u0142 jedynie, \u017ce b\u0119dzie to decyzja g\u0142owy pa\u0144stwa.<\/p>\n<p>Berek jest doktorem nauk prawnych i radc\u0105 prawnym. W latach 2007\u20132015 kierowa\u0142 Rz\u0105dowym Centrum Legislacji. Jego kandydatur\u0119 zg\u0142osi\u0142a Koalicja Obywatelska. Drugim kandydatem na s\u0119dziego TK jest zg\u0142oszony przez PiS prof. Artur Kotowski. Komisja zaopiniowa\u0142a jego kandydatur\u0119 negatywnie.<\/p>\n<p>Sejm ma wybra\u0107 nowego s\u0119dziego Trybuna\u0142u w pi\u0105tek.<\/p>\n","protected":false},"excerpt":{"rendered":"<p>Sejmowa Komisja Sprawiedliwo\u015bci i Praw Cz\u0142owieka pozytywnie zaopiniowa\u0142a w czwartek kandydatur\u0119 Macieja Berka na s\u0119dziego Trybuna\u0142u Konstytucyjnego. Ostateczn\u0105 decyzj\u0119 podejmie Sejm. Berek do niedawna by\u0142&hellip;<\/p>\n","protected":false},"author":57,"featured_media":251488,"comment_status":"open","ping_status":"open","sticky":false,"template":"","format":"standard","meta":{"footnotes":""},"categories":[569,3],"tags":[],"class_list":["post-251487","post","type-post","status-publish","format-standard","has-post-thumbnail","hentry","category-polska","category-top-news"],"_links":{"self":[{"href":"https:\/\/bejsment.com\/index.php\/wp-json\/wp\/v2\/posts\/251487","targetHints":{"allow":["GET"]}}],"collection":[{"href":"https:\/\/bejsment.com\/index.php\/wp-json\/wp\/v2\/posts"}],"about":[{"href":"https:\/\/bejsment.com\/index.php\/wp-json\/wp\/v2\/types\/post"}],"author":[{"embeddable":true,"href":"https:\/\/bejsment.com\/index.php\/wp-json\/wp\/v2\/users\/57"}],"replies":[{"embeddable":true,"href":"https:\/\/bejsment.com\/index.php\/wp-json\/wp\/v2\/comments?post=251487"}],"version-history":[{"count":1,"href":"https:\/\/bejsment.com\/index.php\/wp-json\/wp\/v2\/posts\/251487\/revisions"}],"predecessor-version":[{"id":251490,"href":"https:\/\/bejsment.com\/index.php\/wp-json\/wp\/v2\/posts\/251487\/revisions\/251490"}],"wp:featuredmedia":[{"embeddable":true,"href":"https:\/\/bejsment.com\/index.php\/wp-json\/wp\/v2\/media\/251488"}],"wp:attachment":[{"href":"https:\/\/bejsment.com\/index.php\/wp-json\/wp\/v2\/media?parent=251487"}],"wp:term":[{"taxonomy":"category","embeddable":true,"href":"https:\/\/bejsment.com\/index.php\/wp-json\/wp\/v2\/categories?post=251487"},{"taxonomy":"post_tag","embeddable":true,"href":"https:\/\/bejsment.com\/index.php\/wp-json\/wp\/v2\/tags?post=251487"}],"curies":[{"name":"wp","href":"https:\/\/api.w.org\/{rel}","templated":true}]}}