{"id":251565,"date":"2026-09-04T07:00:38","date_gmt":"2026-09-04T11:00:38","guid":{"rendered":"https:\/\/bejsment.com\/?p=251565"},"modified":"2026-09-04T06:08:17","modified_gmt":"2026-09-04T10:08:17","slug":"sejm-wybral-berka-do-trybunalu-konstytucyjnego","status":"publish","type":"post","link":"https:\/\/bejsment.com\/index.php\/2026\/09\/04\/sejm-wybral-berka-do-trybunalu-konstytucyjnego\/","title":{"rendered":"Sejm wybra\u0142 Berka do Trybuna\u0142u Konstytucyjnego"},"content":{"rendered":"<div id=\"attachment_251566\" style=\"width: 646px\" class=\"wp-caption aligncenter\"><img loading=\"lazy\" decoding=\"async\" aria-describedby=\"caption-attachment-251566\" class=\"size-custom-full-size wp-image-251566\" src=\"https:\/\/bejsment.com\/wp-content\/uploads\/2026\/09\/aaberek2-636x387.jpg\" alt=\"\" width=\"636\" height=\"387\" srcset=\"https:\/\/bejsment.com\/wp-content\/uploads\/2026\/09\/aaberek2-636x387.jpg 636w, https:\/\/bejsment.com\/wp-content\/uploads\/2026\/09\/aaberek2-300x183.jpg 300w, https:\/\/bejsment.com\/wp-content\/uploads\/2026\/09\/aaberek2-768x467.jpg 768w, https:\/\/bejsment.com\/wp-content\/uploads\/2026\/09\/aaberek2-120x73.jpg 120w, https:\/\/bejsment.com\/wp-content\/uploads\/2026\/09\/aaberek2-250x152.jpg 250w, https:\/\/bejsment.com\/wp-content\/uploads\/2026\/09\/aaberek2.jpg 960w\" sizes=\"auto, (max-width: 636px) 100vw, 636px\" \/><p id=\"caption-attachment-251566\" class=\"wp-caption-text\">Maciej Berek<\/p><\/div>\n<p><strong>Sejm wybra\u0142 w pi\u0105tek Macieja Berka na s\u0119dziego Trybuna\u0142u Konstytucyjnego. By\u0142ego ministra i bliskiego wsp\u00f3\u0142pracownika Donalda Tuska popar\u0142o 226 pos\u0142\u00f3w. Jego kontrkandydat, zg\u0142oszony przez PiS prof. Artur Kotowski, otrzyma\u0142 184 g\u0142osy. <\/strong><\/p>\n<p>Kandydatur\u0119 Berka zg\u0142osi\u0142a grupa pos\u0142\u00f3w Koalicji Obywatelskiej. Do niedawna by\u0142 ministrem odpowiedzialnym za nadz\u00f3r nad wdra\u017caniem polityki rz\u0105du. Po jego odej\u015bciu z gabinetu premier Donald Tusk nazwa\u0142 go swoj\u0105 \u201epraw\u0105 r\u0119k\u0105\u201d.<\/p>\n<p>Wyb\u00f3r poprzedzi\u0142a burzliwa dyskusja. Przedstawiciele opozycji zarzucali koalicji rz\u0105dz\u0105cej upolitycznianie Trybuna\u0142u i kwestionowali spe\u0142nianie przez Berka ustawowych wymog\u00f3w. Sp\u00f3r dotyczy przede wszystkim wymaganego co najmniej 10-letniego okresu wykonywania zawodu radcy prawnego. Berek jest wpisany na list\u0119 radc\u00f3w od ponad 20 lat, jednak jego przeciwnicy twierdz\u0105, \u017ce przez cz\u0119\u015b\u0107 tego czasu faktycznie nie wykonywa\u0142 tego zawodu. Sam Berek odrzuca te zarzuty.<\/p>\n<p>Przeciwko jego kandydaturze wyst\u0119powali w Sejmie m.in. politycy PiS, Konfederacji i Razem. Zastrze\u017cenia zg\u0142asza\u0142 r\u00f3wnie\u017c szef Kancelarii Prezydenta Zbigniew Bogucki. Berka bronili przedstawiciele Koalicji Obywatelskiej i PSL.<\/p>\n<p>Kontrowersje dotycz\u0105 tak\u017ce niedawnej dzia\u0142alno\u015bci politycznej nowego s\u0119dziego. Krytycy wskazuj\u0105, \u017ce bezpo\u015brednie przej\u015bcie jednego z najbli\u017cszych wsp\u00f3\u0142pracownik\u00f3w premiera z rz\u0105du do Trybuna\u0142u jest sprzeczne z wcze\u015bniejszymi zapowiedziami odpolitycznienia TK.<\/p>\n<p>Wyb\u00f3r przez Sejm nie ko\u0144czy jednak procedury. Przed obj\u0119ciem urz\u0119du Berek powinien z\u0142o\u017cy\u0107 \u015blubowanie wobec prezydenta. Otwarte pozostaje pytanie, czy Karol Nawrocki zdecyduje si\u0119 je przyj\u0105\u0107.<\/p>\n","protected":false},"excerpt":{"rendered":"<p>Sejm wybra\u0142 w pi\u0105tek Macieja Berka na s\u0119dziego Trybuna\u0142u Konstytucyjnego. By\u0142ego ministra i bliskiego wsp\u00f3\u0142pracownika Donalda Tuska popar\u0142o 226 pos\u0142\u00f3w. Jego kontrkandydat, zg\u0142oszony przez PiS&hellip;<\/p>\n","protected":false},"author":57,"featured_media":251566,"comment_status":"open","ping_status":"open","sticky":false,"template":"","format":"standard","meta":{"footnotes":""},"categories":[569,3],"tags":[],"class_list":["post-251565","post","type-post","status-publish","format-standard","has-post-thumbnail","hentry","category-polska","category-top-news"],"_links":{"self":[{"href":"https:\/\/bejsment.com\/index.php\/wp-json\/wp\/v2\/posts\/251565","targetHints":{"allow":["GET"]}}],"collection":[{"href":"https:\/\/bejsment.com\/index.php\/wp-json\/wp\/v2\/posts"}],"about":[{"href":"https:\/\/bejsment.com\/index.php\/wp-json\/wp\/v2\/types\/post"}],"author":[{"embeddable":true,"href":"https:\/\/bejsment.com\/index.php\/wp-json\/wp\/v2\/users\/57"}],"replies":[{"embeddable":true,"href":"https:\/\/bejsment.com\/index.php\/wp-json\/wp\/v2\/comments?post=251565"}],"version-history":[{"count":1,"href":"https:\/\/bejsment.com\/index.php\/wp-json\/wp\/v2\/posts\/251565\/revisions"}],"predecessor-version":[{"id":251567,"href":"https:\/\/bejsment.com\/index.php\/wp-json\/wp\/v2\/posts\/251565\/revisions\/251567"}],"wp:featuredmedia":[{"embeddable":true,"href":"https:\/\/bejsment.com\/index.php\/wp-json\/wp\/v2\/media\/251566"}],"wp:attachment":[{"href":"https:\/\/bejsment.com\/index.php\/wp-json\/wp\/v2\/media?parent=251565"}],"wp:term":[{"taxonomy":"category","embeddable":true,"href":"https:\/\/bejsment.com\/index.php\/wp-json\/wp\/v2\/categories?post=251565"},{"taxonomy":"post_tag","embeddable":true,"href":"https:\/\/bejsment.com\/index.php\/wp-json\/wp\/v2\/tags?post=251565"}],"curies":[{"name":"wp","href":"https:\/\/api.w.org\/{rel}","templated":true}]}}