{"id":251589,"date":"2026-09-04T14:00:13","date_gmt":"2026-09-04T18:00:13","guid":{"rendered":"https:\/\/bejsment.com\/?p=251589"},"modified":"2026-09-04T09:06:38","modified_gmt":"2026-09-04T13:06:38","slug":"szczekanie-podczas-obrad-sejmu","status":"publish","type":"post","link":"https:\/\/bejsment.com\/index.php\/2026\/09\/04\/szczekanie-podczas-obrad-sejmu\/","title":{"rendered":"Szczekanie podczas obrad Sejmu"},"content":{"rendered":"<p><img loading=\"lazy\" decoding=\"async\" class=\"aligncenter size-custom-full-size wp-image-251590\" src=\"https:\/\/bejsment.com\/wp-content\/uploads\/2026\/09\/aasejm-636x368.jpg\" alt=\"\" width=\"636\" height=\"368\" srcset=\"https:\/\/bejsment.com\/wp-content\/uploads\/2026\/09\/aasejm-636x368.jpg 636w, https:\/\/bejsment.com\/wp-content\/uploads\/2026\/09\/aasejm-300x174.jpg 300w, https:\/\/bejsment.com\/wp-content\/uploads\/2026\/09\/aasejm-768x445.jpg 768w, https:\/\/bejsment.com\/wp-content\/uploads\/2026\/09\/aasejm-126x73.jpg 126w, https:\/\/bejsment.com\/wp-content\/uploads\/2026\/09\/aasejm-250x145.jpg 250w, https:\/\/bejsment.com\/wp-content\/uploads\/2026\/09\/aasejm.jpg 960w\" sizes=\"auto, (max-width: 636px) 100vw, 636px\" \/><\/p>\n<p><strong>Nietypowy incydent podczas pi\u0105tkowych obrad Sejmu. W trakcie wyst\u0105pienia wicepremiera W\u0142adys\u0142awa Kosiniaka-Kamysza z \u0142aw poselskich zacz\u0119\u0142y dobiega\u0107 odg\u0142osy przypominaj\u0105ce szczekanie psa. Nagranie szybko trafi\u0142o do internetu.<\/strong><\/p>\n<p>Do zdarzenia dosz\u0142o podczas burzliwej debaty poprzedzaj\u0105cej wyb\u00f3r Macieja Berka na s\u0119dziego Trybuna\u0142u Konstytucyjnego. Kosiniak-Kamysz odpowiada\u0142 na wyst\u0105pienie szefa Kancelarii Prezydenta Zbigniewa Boguckiego, kt\u00f3ry kwestionowa\u0142 spe\u0142nianie przez Berka wymog\u00f3w formalnych.<\/p>\n<p>Fragment obrad nagra\u0142 sekretarz stanu w Kancelarii Premiera Jakub Stefaniak i opublikowa\u0142 w mediach spo\u0142eczno\u015bciowych. Na filmie wyra\u017anie s\u0142ycha\u0107 odg\u0142osy przypominaj\u0105ce szczekanie.<\/p>\n<blockquote class=\"twitter-tweet\" data-width=\"550\" data-dnt=\"true\">\n<p lang=\"pl\" dir=\"ltr\">W czasie wyst\u0105pienia wicepremiera patoprawica zacz\u0119\u0142a\u2026 szczeka\u0107! <br \/>Tak! To nie \u017cart. <a href=\"https:\/\/t.co\/CVPZmxuHOi\">pic.twitter.com\/CVPZmxuHOi<\/a><\/p>\n<p>&mdash; Jakub Stefaniak (@Stefaniak__) <a href=\"https:\/\/x.com\/Stefaniak__\/status\/2095789681208164813?ref_src=twsrc%5Etfw\">September 4, 2026<\/a><\/p><\/blockquote>\n<p><script async src=\"https:\/\/platform.x.com\/widgets.js\" charset=\"utf-8\"><\/script><\/p>\n<p>Do incydentu odni\u00f3s\u0142 si\u0119 p\u00f3\u017aniej premier Donald Tusk.<\/p>\n<p>\u2013 Mo\u017cecie tutaj nie wiadomo jakie cuda wymy\u015bla\u0107 na m\u00f3wnicy. Mo\u017cecie wykrzykiwa\u0107, tu jedna z pa\u0144 pos\u0142anek na przyk\u0142ad szczeka\u0142a \u2013 m\u00f3wi\u0142.<\/p>\n<p>Szef MSWiA Marcin Kierwi\u0144ski zasugerowa\u0142, \u017ce chodzi\u0142o o pos\u0142ank\u0119 PiS Dominik\u0119 Chorosi\u0144sk\u0105. \u2013 Czego\u015b takiego jak dzisiaj, w wykonaniu bodaj\u017ce pani pos\u0142anki Chorosi\u0144skiej, to ja jeszcze nie widzia\u0142em. No, ta pani szczeka\u0142a. Dziwne praktyki \u2013 powiedzia\u0142.<\/p>\n<p>Chorosi\u0144ska jest pos\u0142ank\u0105 Prawa i Sprawiedliwo\u015bci. W 2023 roku przez dwa tygodnie pe\u0142ni\u0142a funkcj\u0119 ministra kultury i dziedzictwa narodowego w trzecim rz\u0105dzie Mateusza Morawieckiego.<\/p>\n<p>Pi\u0105tkowe obrady przebiega\u0142y w wyj\u0105tkowo napi\u0119tej atmosferze. Pos\u0142owie wybierali s\u0119dziego Trybuna\u0142u Konstytucyjnego. Maciej Berek uzyska\u0142 226 g\u0142os\u00f3w i pokona\u0142 kandydata PiS Artura Kotowskiego, kt\u00f3rego popar\u0142o 184 parlamentarzyst\u00f3w.<\/p>\n","protected":false},"excerpt":{"rendered":"<p>Nietypowy incydent podczas pi\u0105tkowych obrad Sejmu. W trakcie wyst\u0105pienia wicepremiera W\u0142adys\u0142awa Kosiniaka-Kamysza z \u0142aw poselskich zacz\u0119\u0142y dobiega\u0107 odg\u0142osy przypominaj\u0105ce szczekanie psa. Nagranie szybko trafi\u0142o do&hellip;<\/p>\n","protected":false},"author":57,"featured_media":251590,"comment_status":"open","ping_status":"open","sticky":false,"template":"","format":"standard","meta":{"footnotes":""},"categories":[569,3],"tags":[],"class_list":["post-251589","post","type-post","status-publish","format-standard","has-post-thumbnail","hentry","category-polska","category-top-news"],"_links":{"self":[{"href":"https:\/\/bejsment.com\/index.php\/wp-json\/wp\/v2\/posts\/251589","targetHints":{"allow":["GET"]}}],"collection":[{"href":"https:\/\/bejsment.com\/index.php\/wp-json\/wp\/v2\/posts"}],"about":[{"href":"https:\/\/bejsment.com\/index.php\/wp-json\/wp\/v2\/types\/post"}],"author":[{"embeddable":true,"href":"https:\/\/bejsment.com\/index.php\/wp-json\/wp\/v2\/users\/57"}],"replies":[{"embeddable":true,"href":"https:\/\/bejsment.com\/index.php\/wp-json\/wp\/v2\/comments?post=251589"}],"version-history":[{"count":1,"href":"https:\/\/bejsment.com\/index.php\/wp-json\/wp\/v2\/posts\/251589\/revisions"}],"predecessor-version":[{"id":251591,"href":"https:\/\/bejsment.com\/index.php\/wp-json\/wp\/v2\/posts\/251589\/revisions\/251591"}],"wp:featuredmedia":[{"embeddable":true,"href":"https:\/\/bejsment.com\/index.php\/wp-json\/wp\/v2\/media\/251590"}],"wp:attachment":[{"href":"https:\/\/bejsment.com\/index.php\/wp-json\/wp\/v2\/media?parent=251589"}],"wp:term":[{"taxonomy":"category","embeddable":true,"href":"https:\/\/bejsment.com\/index.php\/wp-json\/wp\/v2\/categories?post=251589"},{"taxonomy":"post_tag","embeddable":true,"href":"https:\/\/bejsment.com\/index.php\/wp-json\/wp\/v2\/tags?post=251589"}],"curies":[{"name":"wp","href":"https:\/\/api.w.org\/{rel}","templated":true}]}}