{"id":251643,"date":"2026-09-05T10:00:07","date_gmt":"2026-09-05T14:00:07","guid":{"rendered":"https:\/\/bejsment.com\/?p=251643"},"modified":"2026-09-05T07:40:16","modified_gmt":"2026-09-05T11:40:16","slug":"kacprzyk-nie-moze-znalezc-pracy-szpitale-nie-chca-miec-u-siebie-bohatera-afery","status":"publish","type":"post","link":"https:\/\/bejsment.com\/index.php\/2026\/09\/05\/kacprzyk-nie-moze-znalezc-pracy-szpitale-nie-chca-miec-u-siebie-bohatera-afery\/","title":{"rendered":"Kacprzyk nie mo\u017ce znale\u017a\u0107 pracy. Szpitale nie chc\u0105 mie\u0107 u siebie bohatera afery"},"content":{"rendered":"<div id=\"attachment_251644\" style=\"width: 646px\" class=\"wp-caption aligncenter\"><img loading=\"lazy\" decoding=\"async\" aria-describedby=\"caption-attachment-251644\" class=\"size-custom-full-size wp-image-251644\" src=\"https:\/\/bejsment.com\/wp-content\/uploads\/2026\/09\/aakacprzyk-636x362.jpg\" alt=\"\" width=\"636\" height=\"362\" srcset=\"https:\/\/bejsment.com\/wp-content\/uploads\/2026\/09\/aakacprzyk-636x362.jpg 636w, https:\/\/bejsment.com\/wp-content\/uploads\/2026\/09\/aakacprzyk-300x171.jpg 300w, https:\/\/bejsment.com\/wp-content\/uploads\/2026\/09\/aakacprzyk-768x437.jpg 768w, https:\/\/bejsment.com\/wp-content\/uploads\/2026\/09\/aakacprzyk-128x73.jpg 128w, https:\/\/bejsment.com\/wp-content\/uploads\/2026\/09\/aakacprzyk-250x142.jpg 250w, https:\/\/bejsment.com\/wp-content\/uploads\/2026\/09\/aakacprzyk.jpg 960w\" sizes=\"auto, (max-width: 636px) 100vw, 636px\" \/><p id=\"caption-attachment-251644\" class=\"wp-caption-text\">Dawid Kacprzyk<\/p><\/div>\n<p><strong>Dawid Kacprzyk, by\u0142y koordynator SOR Warszawskiego Szpitala Po\u0142udniowego, szuka plac\u00f3wki, w kt\u00f3rej m\u00f3g\u0142by doko\u0144czy\u0107 specjalizacj\u0119 z anestezjologii. O zatrudnienie pyta\u0142 w kilku szpitalach w Ma\u0142opolsce, ale dotychczas bez powodzenia.<\/strong><\/p>\n<p>Kacprzyk z\u0142o\u017cy\u0142 m.in. podanie o prac\u0119 w Szpitalu Powiatowym w Zakopanem. Dyrektor plac\u00f3wki Regina Tokarz potwierdzi\u0142a Wirtualnej Polsce, \u017ce lekarza nie zatrudni\u0142a. Jak wyja\u015bni\u0142a, szpital nie potrzebuje obecnie anestezjologa, kt\u00f3ry dopiero odbywa specjalizacj\u0119 w trybie pozarezydenckim.<\/p>\n<p>Wed\u0142ug ustale\u0144 portalu Kacprzyk podczas rozm\u00f3w w kilku ma\u0142opolskich szpitalach informowa\u0142, \u017ce ma zgod\u0119 na kontynuowanie specjalizacji w tym wojew\u00f3dztwie. Tymczasem wojewoda ma\u0142opolski Krzysztof Kl\u0119czar twierdzi, \u017ce takiej zgody nie udzieli\u0142.<\/p>\n<p>\u2013 Taki wniosek u mnie na biurku by\u0142, ale go odrzuci\u0142em. Ten pan w zwi\u0105zku z tym nie b\u0119dzie pracowa\u0142 w naszym wojew\u00f3dztwie \u2013 powiedzia\u0142 wojewoda.<\/p>\n<p>Kacprzyk mia\u0142 twierdzi\u0107, \u017ce pozytywn\u0105 opini\u0119 wyda\u0142 konsultant wojew\u00f3dzki w dziedzinie anestezjologii i intensywnej terapii \u0141ukasz Nowak. Ten jednak nie odpowiedzia\u0142 WP, czy rzeczywi\u015bcie opiniowa\u0142 wniosek lekarza.<\/p>\n<p>Kacprzyk znalaz\u0142 si\u0119 w centrum g\u0142o\u015bnej afery dotycz\u0105cej Szpitala Po\u0142udniowego. W 2025 roku wykaza\u0142 niemal 1,6 mln z\u0142 przychodu z dzia\u0142alno\u015bci gospodarczej zwi\u0105zanej ze \u015bwiadczeniem us\u0142ug medycznych. Jednocze\u015bnie, mimo \u017ce by\u0142 dopiero w trakcie specjalizacji, pe\u0142ni\u0142 funkcj\u0119 koordynatora SOR.<\/p>\n<p>Po ujawnieniu mo\u017cliwych nieprawid\u0142owo\u015bci straci\u0142 prac\u0119 w szpitalu, wyst\u0105pi\u0142 z Koalicji Obywatelskiej i zrzek\u0142 si\u0119 mandatu radnego dzielnicy Ursus.<\/p>\n<p>Prokuratura Okr\u0119gowa w Warszawie prowadzi dwa \u015bledztwa dotycz\u0105ce Szpitala Po\u0142udniowego. Jedno dotyczy podejrzenia oszustwa na kwot\u0119 przekraczaj\u0105c\u0105 p\u00f3\u0142 miliona z\u0142otych, drugie \u2013 mo\u017cliwego nadu\u017cycia uprawnie\u0144 przez funkcjonariusza publicznego. Oddzielne post\u0119powanie dotyczy nieprawid\u0142owo\u015bci w szpitalnym prosektorium.<\/p>\n","protected":false},"excerpt":{"rendered":"<p>Dawid Kacprzyk, by\u0142y koordynator SOR Warszawskiego Szpitala Po\u0142udniowego, szuka plac\u00f3wki, w kt\u00f3rej m\u00f3g\u0142by doko\u0144czy\u0107 specjalizacj\u0119 z anestezjologii. O zatrudnienie pyta\u0142 w kilku szpitalach w Ma\u0142opolsce,&hellip;<\/p>\n","protected":false},"author":57,"featured_media":251644,"comment_status":"open","ping_status":"open","sticky":false,"template":"","format":"standard","meta":{"footnotes":""},"categories":[569,3],"tags":[],"class_list":["post-251643","post","type-post","status-publish","format-standard","has-post-thumbnail","hentry","category-polska","category-top-news"],"_links":{"self":[{"href":"https:\/\/bejsment.com\/index.php\/wp-json\/wp\/v2\/posts\/251643","targetHints":{"allow":["GET"]}}],"collection":[{"href":"https:\/\/bejsment.com\/index.php\/wp-json\/wp\/v2\/posts"}],"about":[{"href":"https:\/\/bejsment.com\/index.php\/wp-json\/wp\/v2\/types\/post"}],"author":[{"embeddable":true,"href":"https:\/\/bejsment.com\/index.php\/wp-json\/wp\/v2\/users\/57"}],"replies":[{"embeddable":true,"href":"https:\/\/bejsment.com\/index.php\/wp-json\/wp\/v2\/comments?post=251643"}],"version-history":[{"count":1,"href":"https:\/\/bejsment.com\/index.php\/wp-json\/wp\/v2\/posts\/251643\/revisions"}],"predecessor-version":[{"id":251645,"href":"https:\/\/bejsment.com\/index.php\/wp-json\/wp\/v2\/posts\/251643\/revisions\/251645"}],"wp:featuredmedia":[{"embeddable":true,"href":"https:\/\/bejsment.com\/index.php\/wp-json\/wp\/v2\/media\/251644"}],"wp:attachment":[{"href":"https:\/\/bejsment.com\/index.php\/wp-json\/wp\/v2\/media?parent=251643"}],"wp:term":[{"taxonomy":"category","embeddable":true,"href":"https:\/\/bejsment.com\/index.php\/wp-json\/wp\/v2\/categories?post=251643"},{"taxonomy":"post_tag","embeddable":true,"href":"https:\/\/bejsment.com\/index.php\/wp-json\/wp\/v2\/tags?post=251643"}],"curies":[{"name":"wp","href":"https:\/\/api.w.org\/{rel}","templated":true}]}}