{"id":251683,"date":"2026-09-06T07:00:23","date_gmt":"2026-09-06T11:00:23","guid":{"rendered":"https:\/\/bejsment.com\/?p=251683"},"modified":"2026-09-06T07:12:06","modified_gmt":"2026-09-06T11:12:06","slug":"kolejny-samorzadowiec-u-morawieckiego","status":"publish","type":"post","link":"https:\/\/bejsment.com\/index.php\/2026\/09\/06\/kolejny-samorzadowiec-u-morawieckiego\/","title":{"rendered":"Kolejny samorz\u0105dowiec u Morawieckiego"},"content":{"rendered":"<div id=\"attachment_251685\" style=\"width: 646px\" class=\"wp-caption aligncenter\"><img loading=\"lazy\" decoding=\"async\" aria-describedby=\"caption-attachment-251685\" class=\"size-custom-full-size wp-image-251685\" src=\"https:\/\/bejsment.com\/wp-content\/uploads\/2026\/09\/aaosiewala-636x334.jpg\" alt=\"\" width=\"636\" height=\"334\" srcset=\"https:\/\/bejsment.com\/wp-content\/uploads\/2026\/09\/aaosiewala-636x334.jpg 636w, https:\/\/bejsment.com\/wp-content\/uploads\/2026\/09\/aaosiewala-300x158.jpg 300w, https:\/\/bejsment.com\/wp-content\/uploads\/2026\/09\/aaosiewala-768x403.jpg 768w, https:\/\/bejsment.com\/wp-content\/uploads\/2026\/09\/aaosiewala-139x73.jpg 139w, https:\/\/bejsment.com\/wp-content\/uploads\/2026\/09\/aaosiewala-250x131.jpg 250w, https:\/\/bejsment.com\/wp-content\/uploads\/2026\/09\/aaosiewala.jpg 1200w\" sizes=\"auto, (max-width: 636px) 100vw, 636px\" \/><p id=\"caption-attachment-251685\" class=\"wp-caption-text\">Pawe\u0142 Osiewa\u0142a<\/p><\/div>\n<p><strong>Prezydent Sieradza Pawe\u0142 Osiewa\u0142a do\u0142\u0105czy\u0142 do stowarzyszenia Rozw\u00f3j Plus, kt\u00f3rego liderem jest by\u0142y premier Mateusz Morawiecki.<\/strong><\/p>\n<p>Morawiecki og\u0142osi\u0142 decyzj\u0119 Osiewa\u0142y w sobot\u0119 podczas wizyty w Sieradzu. Zapowiedzia\u0142 przy tym wsp\u00f3lne przygotowanie programu dla miast \u015bredniej wielko\u015bci, kt\u00f3ry ma zosta\u0107 przedstawiony w ci\u0105gu najbli\u017cszych tygodni.<\/p>\n<p>\u2013 Razem z panem prezydentem Sieradza b\u0119dziemy pracowa\u0107 nad programem dla miast \u015bredniej wielko\u015bci \u2013 powiedzia\u0142 by\u0142y premier.<\/p>\n<p>Osiewa\u0142a t\u0142umaczy\u0142, \u017ce do przyst\u0105pienia do stowarzyszenia przekona\u0142 go m.in. projekt Morawieckiego \u201ePolska jednej pr\u0119dko\u015bci\u201d. Podkre\u015bla\u0142 te\u017c znaczenie rz\u0105dowego wsparcia dla inwestycji samorz\u0105dowych. Wed\u0142ug niego w ostatnich latach do Sieradza trafi\u0142o ponad 100 mln z\u0142 na przedsi\u0119wzi\u0119cia zwi\u0105zane m.in. z drogami, infrastruktur\u0105 rekreacyjn\u0105 i zagospodarowaniem teren\u00f3w nad Wart\u0105.<\/p>\n<blockquote class=\"twitter-tweet\" data-width=\"550\" data-dnt=\"true\">\n<p lang=\"pl\" dir=\"ltr\">Rozw\u00f3j Plus ro\u015bnie w si\u0142\u0119!<a href=\"https:\/\/x.com\/Pawel_Osiewala?ref_src=twsrc%5Etfw\">@Pawel_Osiewala<\/a>, Prezydent Sieradza, do\u0142\u0105cza do naszej dru\u017cyny.<\/p>\n<p>\u0141\u0105czymy ludzi, kt\u00f3rzy potrafi\u0105 dzia\u0142a\u0107 i zmienia\u0107 swoje ma\u0142e ojczyzny. <\/p>\n<p>Samorz\u0105d ma by\u0107 partnerem pa\u0144stwa, a nie petentem Warszawy.<\/p>\n<p>Pawle, witaj w <a href=\"https:\/\/x.com\/RozwojPlus?ref_src=twsrc%5Etfw\">@RozwojPlus<\/a>! \ud83d\udcaa <a href=\"https:\/\/t.co\/4sSfldlq4z\">pic.twitter.com\/4sSfldlq4z<\/a><\/p>\n<p>&mdash; Mateusz Morawiecki (@MorawieckiM) <a href=\"https:\/\/x.com\/MorawieckiM\/status\/2096215028202410402?ref_src=twsrc%5Etfw\">September 5, 2026<\/a><\/p><\/blockquote>\n<p><script async src=\"https:\/\/platform.x.com\/widgets.js\" charset=\"utf-8\"><\/script><\/p>\n<p>Morawiecki ju\u017c wcze\u015bniej zapowiada\u0142, \u017ce do Rozwoju Plus do\u0142\u0105czy kolejny prezydent miasta. Twierdzi\u0142 r\u00f3wnie\u017c, \u017ce zainteresowanie stowarzyszeniem jest du\u017ce i na rozpatrzenie czeka kilka tysi\u0119cy deklaracji cz\u0142onkowskich.<\/p>\n<p>Osiewa\u0142a nie jest pierwszym samorz\u0105dowcem, kt\u00f3ry w ostatnich tygodniach zwi\u0105za\u0142 si\u0119 z inicjatyw\u0105 by\u0142ego premiera. Do Rozwoju Plus do\u0142\u0105czyli wcze\u015bniej m.in. prezydent Kalisza Krystian Kinastowski, prezydent Tomaszowa Mazowieckiego Marcin Witko oraz prezydent Tarnobrzega \u0141ukasz Nowak.<\/p>\n<p>Rozw\u00f3j Plus ma by\u0107 politycznym i programowym zapleczem \u015brodowiska skupionego wok\u00f3\u0142 Morawieckiego. By\u0142y premier podkre\u015bla, \u017ce jednym z g\u0142\u00f3wnych temat\u00f3w dzia\u0142alno\u015bci stowarzyszenia ma by\u0107 rozw\u00f3j mniejszych i \u015brednich miast oraz zwi\u0119kszenie ich szans inwestycyjnych.<\/p>\n<div id=\"attachment_251684\" style=\"width: 646px\" class=\"wp-caption aligncenter\"><img loading=\"lazy\" decoding=\"async\" aria-describedby=\"caption-attachment-251684\" class=\"size-custom-full-size wp-image-251684\" src=\"https:\/\/bejsment.com\/wp-content\/uploads\/2026\/09\/aamorawiecki7-636x358.jpg\" alt=\"\" width=\"636\" height=\"358\" srcset=\"https:\/\/bejsment.com\/wp-content\/uploads\/2026\/09\/aamorawiecki7-636x358.jpg 636w, https:\/\/bejsment.com\/wp-content\/uploads\/2026\/09\/aamorawiecki7-300x169.jpg 300w, https:\/\/bejsment.com\/wp-content\/uploads\/2026\/09\/aamorawiecki7-768x432.jpg 768w, https:\/\/bejsment.com\/wp-content\/uploads\/2026\/09\/aamorawiecki7-130x73.jpg 130w, https:\/\/bejsment.com\/wp-content\/uploads\/2026\/09\/aamorawiecki7-250x141.jpg 250w, https:\/\/bejsment.com\/wp-content\/uploads\/2026\/09\/aamorawiecki7.jpg 960w\" sizes=\"auto, (max-width: 636px) 100vw, 636px\" \/><p id=\"caption-attachment-251684\" class=\"wp-caption-text\">Mateusz Morawiecki<\/p><\/div>\n<p>Podczas wizyty w Sieradzu Morawiecki m\u00f3wi\u0142 r\u00f3wnie\u017c o potrzebie silniejszego wsparcia finansowego dla samorz\u0105d\u00f3w i zapowiada\u0142 rozwi\u0105zania, kt\u00f3re maj\u0105 pobudzi\u0107 rozw\u00f3j lokalny.<\/p>\n","protected":false},"excerpt":{"rendered":"<p>Prezydent Sieradza Pawe\u0142 Osiewa\u0142a do\u0142\u0105czy\u0142 do stowarzyszenia Rozw\u00f3j Plus, kt\u00f3rego liderem jest by\u0142y premier Mateusz Morawiecki. Morawiecki og\u0142osi\u0142 decyzj\u0119 Osiewa\u0142y w sobot\u0119 podczas wizyty w&hellip;<\/p>\n","protected":false},"author":57,"featured_media":251684,"comment_status":"open","ping_status":"open","sticky":false,"template":"","format":"standard","meta":{"footnotes":""},"categories":[569,3],"tags":[],"class_list":["post-251683","post","type-post","status-publish","format-standard","has-post-thumbnail","hentry","category-polska","category-top-news"],"_links":{"self":[{"href":"https:\/\/bejsment.com\/index.php\/wp-json\/wp\/v2\/posts\/251683","targetHints":{"allow":["GET"]}}],"collection":[{"href":"https:\/\/bejsment.com\/index.php\/wp-json\/wp\/v2\/posts"}],"about":[{"href":"https:\/\/bejsment.com\/index.php\/wp-json\/wp\/v2\/types\/post"}],"author":[{"embeddable":true,"href":"https:\/\/bejsment.com\/index.php\/wp-json\/wp\/v2\/users\/57"}],"replies":[{"embeddable":true,"href":"https:\/\/bejsment.com\/index.php\/wp-json\/wp\/v2\/comments?post=251683"}],"version-history":[{"count":1,"href":"https:\/\/bejsment.com\/index.php\/wp-json\/wp\/v2\/posts\/251683\/revisions"}],"predecessor-version":[{"id":251686,"href":"https:\/\/bejsment.com\/index.php\/wp-json\/wp\/v2\/posts\/251683\/revisions\/251686"}],"wp:featuredmedia":[{"embeddable":true,"href":"https:\/\/bejsment.com\/index.php\/wp-json\/wp\/v2\/media\/251684"}],"wp:attachment":[{"href":"https:\/\/bejsment.com\/index.php\/wp-json\/wp\/v2\/media?parent=251683"}],"wp:term":[{"taxonomy":"category","embeddable":true,"href":"https:\/\/bejsment.com\/index.php\/wp-json\/wp\/v2\/categories?post=251683"},{"taxonomy":"post_tag","embeddable":true,"href":"https:\/\/bejsment.com\/index.php\/wp-json\/wp\/v2\/tags?post=251683"}],"curies":[{"name":"wp","href":"https:\/\/api.w.org\/{rel}","templated":true}]}}