{"id":251705,"date":"2026-09-06T14:00:10","date_gmt":"2026-09-06T18:00:10","guid":{"rendered":"https:\/\/bejsment.com\/?p=251705"},"modified":"2026-09-06T09:25:07","modified_gmt":"2026-09-06T13:25:07","slug":"nawrocki-rece-precz-od-polskiej-ziemi","status":"publish","type":"post","link":"https:\/\/bejsment.com\/index.php\/2026\/09\/06\/nawrocki-rece-precz-od-polskiej-ziemi\/","title":{"rendered":"Nawrocki: R\u0119ce precz od polskiej ziemi"},"content":{"rendered":"<p><img loading=\"lazy\" decoding=\"async\" class=\"aligncenter size-custom-full-size wp-image-251708\" src=\"https:\/\/bejsment.com\/wp-content\/uploads\/2026\/09\/aaprezydentdozynki2-636x397.jpg\" alt=\"\" width=\"636\" height=\"397\" srcset=\"https:\/\/bejsment.com\/wp-content\/uploads\/2026\/09\/aaprezydentdozynki2-636x397.jpg 636w, https:\/\/bejsment.com\/wp-content\/uploads\/2026\/09\/aaprezydentdozynki2-300x187.jpg 300w, https:\/\/bejsment.com\/wp-content\/uploads\/2026\/09\/aaprezydentdozynki2-117x73.jpg 117w, https:\/\/bejsment.com\/wp-content\/uploads\/2026\/09\/aaprezydentdozynki2-250x156.jpg 250w, https:\/\/bejsment.com\/wp-content\/uploads\/2026\/09\/aaprezydentdozynki2.jpg 700w\" sizes=\"auto, (max-width: 636px) 100vw, 636px\" \/><\/p>\n<p><strong>Prezydent Karol Nawrocki wzi\u0105\u0142 w niedziel\u0119 udzia\u0142 w Do\u017cynkach Jasnog\u00f3rskich w Cz\u0119stochowie. Dzi\u0119kuj\u0105c rolnikom za ich prac\u0119, podkre\u015bla\u0142 znaczenie polskiej wsi dla bezpiecze\u0144stwa \u017cywno\u015bciowego kraju oraz ochrony ziemi i narodowej tradycji.<\/strong><\/p>\n<p>\u2013 Przemawiacie tak mocno ka\u017cdego dnia swoj\u0105 ci\u0119\u017ck\u0105 prac\u0105, przywi\u0105zaniem do ojczyzny, do Rzeczypospolitej, do Pana Boga i do Kr\u00f3lowej Polski \u2013 m\u00f3wi\u0142 prezydent.<\/p>\n<p>Nawrocki przekonywa\u0142, \u017ce krajowa produkcja rolna jest jednym z fundament\u00f3w suwerenno\u015bci pa\u0144stwa. Jak podkre\u015bli\u0142, polski rolnik jest gwarantem bezpiecze\u0144stwa \u017cywno\u015bciowego, bez kt\u00f3rego nie ma suwerenno\u015bci.<\/p>\n<p>Prezydent m\u00f3wi\u0142 r\u00f3wnie\u017c o konieczno\u015bci ochrony w\u0142asno\u015bci grunt\u00f3w rolnych. \u2013 Tyle jest Rzeczypospolitej, ile jest polskiej ziemi w polskich r\u0119kach \u2013 stwierdzi\u0142.<\/p>\n<p>Przypomnia\u0142 przy tym o swoich inicjatywach ustawodawczych dotycz\u0105cych wsi.<\/p>\n<p>\u2013 Jak przyszed\u0142em do urz\u0119du, tak o polsk\u0105 ziemi\u0119 si\u0119 upomnia\u0142em i ta ustawa \u2013 cho\u0107 niedoskona\u0142a \u2013 jest! R\u0119ce precz od polskiej ziemi \u2013 powiedzia\u0142. Przypomnia\u0142 r\u00f3wnie\u017c o z\u0142o\u017conej przez siebie inicjatywie dotycz\u0105cej ochrony funkcji polskiej wsi.<\/p>\n<p>Nawrocki odni\u00f3s\u0142 si\u0119 tak\u017ce do polityki klimatycznej Unii Europejskiej i umowy handlowej z krajami Mercosur. Krytykowa\u0142 rozwi\u0105zania, kt\u00f3re jego zdaniem mog\u0105 pogarsza\u0107 sytuacj\u0119 polskich gospodarstw.<\/p>\n<p>Prezydent podkre\u015bla\u0142 r\u00f3wnie\u017c rol\u0119 mieszka\u0144c\u00f3w wsi w zachowaniu tradycji i to\u017csamo\u015bci narodowej, nawi\u0105zuj\u0105c do Wincentego Witosa.<\/p>\n<p>\u2013 Polska wie\u015b nigdy nie podda\u0142a si\u0119 i nie podda si\u0119 obcej ideologii \u2013 powiedzia\u0142. Zapowiedzia\u0142, \u017ce jako prezydent zamierza s\u0142ucha\u0107 \u201em\u0105dro\u015bci ludowej i polskiej wsi\u201d.<\/p>\n<p>Do\u017cynki Jasnog\u00f3rskie odbywaj\u0105 si\u0119 w pierwsz\u0105 niedziel\u0119 wrze\u015bnia. Tradycja og\u00f3lnopolskiego dzi\u0119kczynienia rolnik\u00f3w za plony na Jasnej G\u00f3rze si\u0119ga 1982 roku.<\/p>\n<p>&nbsp;<\/p>\n","protected":false},"excerpt":{"rendered":"<p>Prezydent Karol Nawrocki wzi\u0105\u0142 w niedziel\u0119 udzia\u0142 w Do\u017cynkach Jasnog\u00f3rskich w Cz\u0119stochowie. Dzi\u0119kuj\u0105c rolnikom za ich prac\u0119, podkre\u015bla\u0142 znaczenie polskiej wsi dla bezpiecze\u0144stwa \u017cywno\u015bciowego kraju&hellip;<\/p>\n","protected":false},"author":57,"featured_media":251706,"comment_status":"open","ping_status":"open","sticky":false,"template":"","format":"standard","meta":{"footnotes":""},"categories":[569,3],"tags":[],"class_list":["post-251705","post","type-post","status-publish","format-standard","has-post-thumbnail","hentry","category-polska","category-top-news"],"_links":{"self":[{"href":"https:\/\/bejsment.com\/index.php\/wp-json\/wp\/v2\/posts\/251705","targetHints":{"allow":["GET"]}}],"collection":[{"href":"https:\/\/bejsment.com\/index.php\/wp-json\/wp\/v2\/posts"}],"about":[{"href":"https:\/\/bejsment.com\/index.php\/wp-json\/wp\/v2\/types\/post"}],"author":[{"embeddable":true,"href":"https:\/\/bejsment.com\/index.php\/wp-json\/wp\/v2\/users\/57"}],"replies":[{"embeddable":true,"href":"https:\/\/bejsment.com\/index.php\/wp-json\/wp\/v2\/comments?post=251705"}],"version-history":[{"count":1,"href":"https:\/\/bejsment.com\/index.php\/wp-json\/wp\/v2\/posts\/251705\/revisions"}],"predecessor-version":[{"id":251709,"href":"https:\/\/bejsment.com\/index.php\/wp-json\/wp\/v2\/posts\/251705\/revisions\/251709"}],"wp:featuredmedia":[{"embeddable":true,"href":"https:\/\/bejsment.com\/index.php\/wp-json\/wp\/v2\/media\/251706"}],"wp:attachment":[{"href":"https:\/\/bejsment.com\/index.php\/wp-json\/wp\/v2\/media?parent=251705"}],"wp:term":[{"taxonomy":"category","embeddable":true,"href":"https:\/\/bejsment.com\/index.php\/wp-json\/wp\/v2\/categories?post=251705"},{"taxonomy":"post_tag","embeddable":true,"href":"https:\/\/bejsment.com\/index.php\/wp-json\/wp\/v2\/tags?post=251705"}],"curies":[{"name":"wp","href":"https:\/\/api.w.org\/{rel}","templated":true}]}}